{"id":791,"date":"2016-11-26T09:02:45","date_gmt":"2016-11-26T08:02:45","guid":{"rendered":"http:\/\/www.zukunft-lankwitz.de\/?p=791"},"modified":"2016-11-26T09:02:45","modified_gmt":"2016-11-26T08:02:45","slug":"bezirksamt-folgt-einwaenden-der-buergerinitiative-gegen-neues-fluechtlingsheim","status":"publish","type":"post","link":"https:\/\/www.zukunft-lankwitz.de\/?p=791","title":{"rendered":"Bezirksamt folgt Einw\u00e4nden der B\u00fcrgerinitiative gegen neues Fl\u00fcchtlingsheim"},"content":{"rendered":"<p>Berliner Woche &#8211;\u00a018.11.2016 &#8211; Karla Rabe<\/p>\n<p>Nach der B\u00fcrgerinitiative lehnt nun auch das Bezirksamt den Bau mobiler Fl\u00fcchtlingsunterk\u00fcnfte (MUF) auf dem Vivantes-Grundst\u00fcck an der Leonorenstra\u00dfe ab. Hauptkritikpunkt ist der Standort inmitten einer \u00fcber 100 Jahre alten Parklandschaft.<\/p>\n<p>Die ehemalige Umweltstadtr\u00e4tin Christa Markl-Vieto (B&#8217;90\/Gr\u00fcne) hatte das Bauvorhaben des Senats als rechtswidrig bezeichnet. Jetzt stellt sich das Bezirksamt hinter die B\u00fcrgerinitiative \u201eParkleonore\u201c, die als erste ein \u00dcberdenken der Senatspl\u00e4ne gefordert hatte. Die Initiative spricht sich nicht generell gegen die Fl\u00fcchtlingsunterk\u00fcnfte in Lankwitz aus. Aber sie fordert, die MUF nicht ausgerechnet an Stelle des 108 Jahre alten Parks mit dem alten Baumbestand zu bauen, der von dem Berliner Mediziner James Fraenkel gestaltet wurde.<\/p>\n<p>Immerhin m\u00fcssen f\u00fcr die Umsetzung des Vorhabens insgesamt 230 B\u00e4ume gef\u00e4llt werden. 106 davon gelten als gesch\u00fctzt, denn sie haben einen Stammumfang von mehr als 80 Zentimeter in der H\u00f6he von 1,30 Metern \u00fcber dem Erdboden.<\/p>\n<p>Die B\u00e4ume w\u00fcrden ohne Not gef\u00e4llt werden. Nach Ansicht der Initiative und auch des Bezirksamts gibt es eine Alternative. Westlich vom Pflegeheim st\u00fcnden ebenfalls auf dem Vivantes-Gel\u00e4nde rund 9000 Quadratmeter Bauland zur Verf\u00fcgung. Die dort befindlichen alten Geb\u00e4ude k\u00f6nnten abgerissen werden.<\/p>\n<p>\u201eEs ist nicht ersichtlich, warum die Aufstellung der MUF ausgerechnet in die dichteste Waldfl\u00e4che hinein geplant wird\u201c, schreibt das Bezirksamt an die Senatsverwaltung f\u00fcr Stadtentwicklung und Umwelt.<\/p>\n<p>In dem Schreiben bezeichnet das Bezirksamt das Bauvorhaben als rechtswidrig und sch\u00e4tzt es als ungeeignet ein. Zudem k\u00fcndigt es an, dass die vom Senat beantragte F\u00e4llgenehmigung nicht erteilt werde. Ferner spricht sich der Bezirk f\u00fcr den Abriss der vorhandenen Baracken aus, um dort die Fl\u00fcchtlingsunterkunft zu errichten. Der Bau w\u00e4re nach Ansicht des Bezirksamtes zeitnah zu realisieren.<\/p>\n<p>Sollte die Senatsverwaltung dennoch an ihren Pl\u00e4nen festhalten, wird sich die Fertigstellung der MUF aufgrund der Einw\u00e4nde deutlich verl\u00e4ngern. Die f\u00fcnf geplanten Bauk\u00f6rper mit zwei bis vier Geschossen sind jedoch dringend n\u00f6tig, um gefl\u00fcchtete Menschen aus den Turnhallen endlich eine menschenw\u00fcrdige Unterkunft zu geben. <b>KaR<\/b><\/p>\n<div style=\"padding-bottom:10px; padding-top:5px;\" class=\"hupso-share-buttons\"><!-- Hupso Share Buttons - https:\/\/www.hupso.com\/share\/ --><a class=\"hupso_toolbar\" href=\"https:\/\/www.hupso.com\/share\/\"><img decoding=\"async\" src=\"https:\/\/static.hupso.com\/share\/buttons\/lang\/de\/share-medium.png\" style=\"border:0px; padding-top: 5px; float:left;\" alt=\"Share Button\"\/><\/a><script type=\"text\/javascript\">var hupso_services_t=new Array(\"Twitter\",\"Facebook\",\"Google Plus\");var hupso_background_t=\"#EAF4FF\";var hupso_border_t=\"#66CCFF\";var hupso_toolbar_size_t=\"medium\";var hupso_image_folder_url = \"\";var hupso_url_t=\"\";var hupso_title_t=\"Bezirksamt%20folgt%20Einw%C3%A4nden%20der%20B%C3%BCrgerinitiative%20gegen%20neues%20Fl%C3%BCchtlingsheim\";<\/script><script type=\"text\/javascript\" src=\"https:\/\/static.hupso.com\/share\/js\/share_toolbar.js\"><\/script><!-- Hupso Share Buttons --><\/div>","protected":false},"excerpt":{"rendered":"<p>Berliner Woche &#8211;\u00a018.11.2016 &#8211; Karla Rabe Nach der B\u00fcrgerinitiative lehnt nun auch das Bezirksamt den Bau mobiler Fl\u00fcchtlingsunterk\u00fcnfte (MUF) auf dem Vivantes-Grundst\u00fcck an der Leonorenstra\u00dfe ab. Hauptkritikpunkt ist der Standort inmitten einer \u00fcber 100 Jahre alten Parklandschaft. Die ehemalige Umweltstadtr\u00e4tin Christa Markl-Vieto (B&#8217;90\/Gr\u00fcne) hatte das Bauvorhaben des Senats als rechtswidrig bezeichnet. Jetzt stellt sich das [&hellip;]<\/p>\n<div style=\"padding-bottom:10px; padding-top:5px;\" class=\"hupso-share-buttons\"><!-- Hupso Share Buttons - https:\/\/www.hupso.com\/share\/ --><a class=\"hupso_toolbar\" href=\"https:\/\/www.hupso.com\/share\/\"><img src=\"https:\/\/static.hupso.com\/share\/buttons\/lang\/de\/share-medium.png\" style=\"border:0px; padding-top: 5px; float:left;\" alt=\"Share Button\"\/><\/a><script type=\"text\/javascript\">var hupso_services_t=new Array(\"Twitter\",\"Facebook\",\"Google Plus\");var hupso_background_t=\"#EAF4FF\";var hupso_border_t=\"#66CCFF\";var hupso_toolbar_size_t=\"medium\";var hupso_image_folder_url = \"\";var hupso_url_t=\"\";var hupso_title_t=\"Bezirksamt%20folgt%20Einw%C3%A4nden%20der%20B%C3%BCrgerinitiative%20gegen%20neues%20Fl%C3%BCchtlingsheim\";<\/script><script type=\"text\/javascript\" src=\"https:\/\/static.hupso.com\/share\/js\/share_toolbar.js\"><\/script><!-- Hupso Share Buttons --><\/div>","protected":false},"author":2,"featured_media":0,"comment_status":"open","ping_status":"open","sticky":false,"template":"","format":"standard","meta":{"footnotes":""},"categories":[2,4],"tags":[208,209,210,182],"class_list":["post-791","post","type-post","status-publish","format-standard","hentry","category-lankwitz","category-wohnen","tag-buergerinitiative","tag-fluechtlingsunterkunft","tag-haus-leonore","tag-leonorengaerten"],"_links":{"self":[{"href":"https:\/\/www.zukunft-lankwitz.de\/index.php?rest_route=\/wp\/v2\/posts\/791","targetHints":{"allow":["GET"]}}],"collection":[{"href":"https:\/\/www.zukunft-lankwitz.de\/index.php?rest_route=\/wp\/v2\/posts"}],"about":[{"href":"https:\/\/www.zukunft-lankwitz.de\/index.php?rest_route=\/wp\/v2\/types\/post"}],"author":[{"embeddable":true,"href":"https:\/\/www.zukunft-lankwitz.de\/index.php?rest_route=\/wp\/v2\/users\/2"}],"replies":[{"embeddable":true,"href":"https:\/\/www.zukunft-lankwitz.de\/index.php?rest_route=%2Fwp%2Fv2%2Fcomments&post=791"}],"version-history":[{"count":1,"href":"https:\/\/www.zukunft-lankwitz.de\/index.php?rest_route=\/wp\/v2\/posts\/791\/revisions"}],"predecessor-version":[{"id":792,"href":"https:\/\/www.zukunft-lankwitz.de\/index.php?rest_route=\/wp\/v2\/posts\/791\/revisions\/792"}],"wp:attachment":[{"href":"https:\/\/www.zukunft-lankwitz.de\/index.php?rest_route=%2Fwp%2Fv2%2Fmedia&parent=791"}],"wp:term":[{"taxonomy":"category","embeddable":true,"href":"https:\/\/www.zukunft-lankwitz.de\/index.php?rest_route=%2Fwp%2Fv2%2Fcategories&post=791"},{"taxonomy":"post_tag","embeddable":true,"href":"https:\/\/www.zukunft-lankwitz.de\/index.php?rest_route=%2Fwp%2Fv2%2Ftags&post=791"}],"curies":[{"name":"wp","href":"https:\/\/api.w.org\/{rel}","templated":true}]}}