{"id":794,"date":"2017-01-18T20:17:38","date_gmt":"2017-01-18T19:17:38","guid":{"rendered":"http:\/\/www.zukunft-lankwitz.de\/?p=794"},"modified":"2017-01-18T20:17:38","modified_gmt":"2017-01-18T19:17:38","slug":"neues-jahr-neue-termine-neue-ideen","status":"publish","type":"post","link":"https:\/\/www.zukunft-lankwitz.de\/?p=794","title":{"rendered":"Neues Jahr &#8211; Neue Termine &#8211; Neue Ideen"},"content":{"rendered":"<p>Ein neues Jahr ist an den Start gegangen und so auch ein neues Jahr f\u00fcr den Runden Tisch Lankwitz-S\u00fcdende. Wir haben in der letzten Sitzung in 2016 beschlossen das es was die Termine betrifft einen neuen Rhythmus geben soll. Der Runde Tisch soll nun immer an einem festen Tag im Monat &#8211; am letzten Mittwoch im Monat &#8211; tagen, au\u00dfer in den Ferien. Ort soll immer der gleiche sein und m\u00f6glichst zentral sein &#8211; Kinder, Jugend- und Familientreff K\u00e4seglocke -. Das Kiez &#8211; Fest soll nun und in den n\u00e4chsten Jahren immer am 1\u00b4ten Samstag im Juni stattfinden. Der Marktplatz der Ideen wurde auf das 3\u00b4te Wochenende im September festgelegt. \u00a0Daraus ergeben sich die folgenden Termine:<\/p>\n<table style=\"width: 691px; height: 1263px;\" border=\"0\">\n<tbody>\n<tr>\n<td style=\"border: 1px solid #000000; width: 120px; text-align: center;\" align=\"center\"><strong>Datum<\/strong><\/td>\n<td style=\"border: 1px solid #000000; width: 240px; text-align: center;\" align=\"center\"><strong>Uhrzeit<\/strong><\/td>\n<td style=\"border: 1px solid #000000; width: 240px; text-align: center;\" align=\"center\"><strong>Ort<\/strong><\/td>\n<td style=\"border: 1px solid #000000; width: 120px; text-align: center;\" align=\"center\"><strong>Thema<\/strong><\/td>\n<\/tr>\n<tr>\n<td style=\"border: 1px solid #000000; width: 120px;\" align=\"center\">25.01.2017<\/td>\n<td style=\"border: 1px solid #000000; width: 120px;\">\n<p style=\"text-align: center;\">18.30 Uhr<\/p>\n<\/td>\n<td style=\"border: 1px solid #000000; width: 120px; text-align: center;\"><strong>Kinder-, Jugend- und Familientreff\u00a0<\/strong><strong>K\u00e4seglocke \u00a0<\/strong>Leonorenstr. 65; 12247 Berlin<\/td>\n<td style=\"border: 1px solid #000000; width: 120px; text-align: center;\" align=\"center\">\u00a0Aktuelles aus dem Kiez<\/td>\n<\/tr>\n<tr>\n<td style=\"border: 1px solid #000000; width: 120px; text-align: center;\" align=\"center\" valign=\"middle\">22.02.2017<\/td>\n<td style=\"border: 1px solid #000000; width: 120px; text-align: center;\" valign=\"middle\">\u00a018.30 Uhr<\/td>\n<td style=\"border: 1px solid #000000; width: 120px; text-align: center;\" valign=\"middle\">\u00a0<strong>Kinder-, Jugend- und Familientreff\u00a0<\/strong><strong>K\u00e4seglocke \u00a0<\/strong>Leonorenstr. 65; 12247 Berlin<\/td>\n<td style=\"border: 1px solid #000000; width: 120px; text-align: center;\" align=\"center\">Aktuelles aus dem Kiez<\/td>\n<\/tr>\n<tr>\n<td style=\"border: 1px solid #000000; width: 120px; text-align: center;\" align=\"center\">29.03.2017<\/td>\n<td style=\"border: 1px solid #000000; width: 120px; text-align: center;\">\u00a018.30 Uhr<\/td>\n<td style=\"border: 1px solid #000000; width: 120px; text-align: center;\">\u00a0<strong>Kinder-, Jugend- und Familientreff\u00a0<\/strong><strong>K\u00e4seglocke \u00a0<\/strong>Leonorenstr. 65; 12247 Berlin<\/td>\n<td style=\"border: 1px solid #000000; width: 120px; text-align: center;\" align=\"center\">Aktuelles aus dem Kiez<\/td>\n<\/tr>\n<tr>\n<td style=\"border: 1px solid #000000; width: 120px; text-align: center;\" align=\"center\">26.04.2017<\/td>\n<td style=\"border: 1px solid #000000; width: 120px; text-align: center;\">18.30 Uhr<\/td>\n<td style=\"border: 1px solid #000000; width: 120px; text-align: center;\">\u00a0<strong>Kinder-, Jugend- und Familientreff\u00a0<\/strong><strong>K\u00e4seglocke \u00a0<\/strong>Leonorenstr. 65; 12247 Berlin<\/td>\n<td style=\"border: 1px solid #000000; width: 120px; text-align: center;\" align=\"center\">Aktuelles aus dem Kiez<\/td>\n<\/tr>\n<tr>\n<td style=\"border: 1px solid #000000; text-align: center;\" align=\"center\">31.05.2017<\/td>\n<td style=\"border: 1px solid #000000; text-align: center;\">14.00 bis 18.00 Uhr<\/td>\n<td style=\"border: 1px solid #000000; text-align: center;\">&nbsp;<\/p>\n<p><strong>Kinder-, Jugend- und Familientreff\u00a0<\/strong><strong>K\u00e4seglocke \u00a0<\/strong>Leonorenstr. 65; 12247 Berlin<\/td>\n<td style=\"border: 1px solid #000000; text-align: center;\" align=\"center\">\u00a0Aktuelles aus dem Kiez<\/td>\n<\/tr>\n<tr>\n<td style=\"border: 1px solid #000000; text-align: center;\" align=\"center\">03.06.2017<\/td>\n<td style=\"border: 1px solid #000000; text-align: center;\"><span style=\"color: #ff0000;\"><strong>Kiezfest im Rosengarten<\/strong><\/span><br \/>\n14.00 bis 19.00 Uhr<\/td>\n<td style=\"border: 1px solid #000000; text-align: center;\"><strong>Rosengarten hinter K\u00e4seglocke<\/strong><br \/>\nLeonorenstr. 65<br \/>\n12247 Berlin<\/td>\n<td style=\"border: 1px solid #000000; text-align: center;\" align=\"center\">Informationen, Spiel, Spass und Musik<\/td>\n<\/tr>\n<tr>\n<td style=\"border: 1px solid #000000; text-align: center;\" align=\"center\">28.06.2017<\/td>\n<td style=\"border: 1px solid #000000; text-align: center;\">\u00a018.30 Uhr<\/td>\n<td style=\"border: 1px solid #000000; text-align: center;\">&nbsp;<\/p>\n<p><strong>Kinder-, Jugend- und Familientreff\u00a0<\/strong><strong>K\u00e4seglocke \u00a0<\/strong>Leonorenstr. 65; 12247 Berlin<\/td>\n<td style=\"border: 1px solid #000000; text-align: center;\" align=\"center\">\u00a0Aktuelles aus dem Kiez<\/td>\n<\/tr>\n<tr>\n<td style=\"border: 1px solid #000000; text-align: center;\" align=\"center\">\u00a027.09.2017<\/td>\n<td style=\"border: 1px solid #000000; text-align: center;\" align=\"left\">18.30 Uhr<\/td>\n<td style=\"border: 1px solid #000000; text-align: center;\" align=\"left\">&nbsp;<\/p>\n<p><strong>Kinder-, Jugend- und Familientreff\u00a0<\/strong><strong>K\u00e4seglocke \u00a0<\/strong>Leonorenstr. 65; 12247 Berlin<\/td>\n<td style=\"border: 1px solid #000000; text-align: center;\" align=\"center\">Aktuelles aus dem Kiez<\/td>\n<\/tr>\n<tr>\n<td style=\"border: 1px solid #000000;\" align=\"center\">17. und 18.09.2017<\/td>\n<td style=\"border: 1px solid #000000; text-align: center;\" align=\"left\"><span style=\"color: #ff0000;\"><strong>Marktplatz der Ideen<\/strong><\/span><br \/>\nje 11.00 bis 18.00 Uhr<\/td>\n<td style=\"border: 1px solid #000000; text-align: center;\" align=\"left\">Im Rosengarten hinter dem \u00a0 \u00a0\u00a0<strong>Kinder-, Jugend- und Familientreff\u00a0<\/strong><strong>K\u00e4seglocke \u00a0<\/strong>Leonorenstr. 65; 12247 Berlin<\/td>\n<td style=\"border: 1px solid #000000; text-align: center;\" align=\"center\">Viele verschiedene G\u00e4ste, aus unterschiedlichen Bereichen<\/td>\n<\/tr>\n<tr>\n<td style=\"border: 1px solid #000000;\" align=\"center\">11.10.2017<\/td>\n<td style=\"border: 1px solid #000000; text-align: center;\" align=\"left\"><span style=\"color: #ff0000;\"><strong>Kandidaten-Talk<\/strong><\/span><br \/>\n18.00 Uhr<\/td>\n<td style=\"border: 1px solid #000000; text-align: center;\" align=\"left\">&nbsp;<\/p>\n<p><strong>Kinder-, Jugend- und Familientreff\u00a0<\/strong><strong>K\u00e4seglocke \u00a0<\/strong>Leonorenstr. 65; 12247 Berlin<\/td>\n<td style=\"border: 1px solid #000000; text-align: center;\" align=\"center\">Politik Talk<\/td>\n<\/tr>\n<tr>\n<td style=\"border: 1px solid #000000; text-align: center;\" align=\"center\">29.11.2017<\/td>\n<td style=\"border: 1px solid #000000; text-align: center;\" align=\"left\">\u00a018.30 Uhr<\/td>\n<td style=\"border: 1px solid #000000; text-align: center;\" align=\"left\">&nbsp;<\/p>\n<p><strong>Kinder-, Jugend- und Familientreff\u00a0<\/strong><strong>K\u00e4seglocke \u00a0<\/strong>Leonorenstr. 65; 12247 Berlin<\/td>\n<td style=\"border: 1px solid #000000; text-align: center;\" align=\"center\">Aktuelles aus dem Kiez<\/td>\n<\/tr>\n<\/tbody>\n<\/table>\n<p>Die Einladung f\u00fcr den ersten Termin finden Sie <a href=\"http:\/\/www.zukunft-lankwitz.de\/wp-content\/uploads\/2017\/01\/einl250117.pdf\" target=\"_blank\">hier<\/a>!<\/p>\n<div style=\"padding-bottom:10px; padding-top:5px;\" class=\"hupso-share-buttons\"><!-- Hupso Share Buttons - https:\/\/www.hupso.com\/share\/ --><a class=\"hupso_toolbar\" href=\"https:\/\/www.hupso.com\/share\/\"><img decoding=\"async\" src=\"https:\/\/static.hupso.com\/share\/buttons\/lang\/de\/share-medium.png\" style=\"border:0px; padding-top: 5px; float:left;\" alt=\"Share Button\"\/><\/a><script type=\"text\/javascript\">var hupso_services_t=new Array(\"Twitter\",\"Facebook\",\"Google Plus\");var hupso_background_t=\"#EAF4FF\";var hupso_border_t=\"#66CCFF\";var hupso_toolbar_size_t=\"medium\";var hupso_image_folder_url = \"\";var hupso_url_t=\"\";var hupso_title_t=\"Neues%20Jahr%20-%20Neue%20Termine%20-%20Neue%20Ideen\";<\/script><script type=\"text\/javascript\" src=\"https:\/\/static.hupso.com\/share\/js\/share_toolbar.js\"><\/script><!-- Hupso Share Buttons --><\/div>","protected":false},"excerpt":{"rendered":"<p>Ein neues Jahr ist an den Start gegangen und so auch ein neues Jahr f\u00fcr den Runden Tisch Lankwitz-S\u00fcdende. Wir haben in der letzten Sitzung in 2016 beschlossen das es was die Termine betrifft einen neuen Rhythmus geben soll. Der Runde Tisch soll nun immer an einem festen Tag im Monat &#8211; am letzten Mittwoch [&hellip;]<\/p>\n<div style=\"padding-bottom:10px; padding-top:5px;\" class=\"hupso-share-buttons\"><!-- Hupso Share Buttons - https:\/\/www.hupso.com\/share\/ --><a class=\"hupso_toolbar\" href=\"https:\/\/www.hupso.com\/share\/\"><img src=\"https:\/\/static.hupso.com\/share\/buttons\/lang\/de\/share-medium.png\" style=\"border:0px; padding-top: 5px; float:left;\" alt=\"Share Button\"\/><\/a><script type=\"text\/javascript\">var hupso_services_t=new Array(\"Twitter\",\"Facebook\",\"Google Plus\");var hupso_background_t=\"#EAF4FF\";var hupso_border_t=\"#66CCFF\";var hupso_toolbar_size_t=\"medium\";var hupso_image_folder_url = \"\";var hupso_url_t=\"\";var hupso_title_t=\"Neues%20Jahr%20-%20Neue%20Termine%20-%20Neue%20Ideen\";<\/script><script type=\"text\/javascript\" src=\"https:\/\/static.hupso.com\/share\/js\/share_toolbar.js\"><\/script><!-- Hupso Share Buttons --><\/div>","protected":false},"author":2,"featured_media":0,"comment_status":"open","ping_status":"open","sticky":false,"template":"","format":"standard","meta":{"footnotes":""},"categories":[3],"tags":[],"class_list":["post-794","post","type-post","status-publish","format-standard","hentry","category-runder-tisch"],"_links":{"self":[{"href":"https:\/\/www.zukunft-lankwitz.de\/index.php?rest_route=\/wp\/v2\/posts\/794","targetHints":{"allow":["GET"]}}],"collection":[{"href":"https:\/\/www.zukunft-lankwitz.de\/index.php?rest_route=\/wp\/v2\/posts"}],"about":[{"href":"https:\/\/www.zukunft-lankwitz.de\/index.php?rest_route=\/wp\/v2\/types\/post"}],"author":[{"embeddable":true,"href":"https:\/\/www.zukunft-lankwitz.de\/index.php?rest_route=\/wp\/v2\/users\/2"}],"replies":[{"embeddable":true,"href":"https:\/\/www.zukunft-lankwitz.de\/index.php?rest_route=%2Fwp%2Fv2%2Fcomments&post=794"}],"version-history":[{"count":1,"href":"https:\/\/www.zukunft-lankwitz.de\/index.php?rest_route=\/wp\/v2\/posts\/794\/revisions"}],"predecessor-version":[{"id":796,"href":"https:\/\/www.zukunft-lankwitz.de\/index.php?rest_route=\/wp\/v2\/posts\/794\/revisions\/796"}],"wp:attachment":[{"href":"https:\/\/www.zukunft-lankwitz.de\/index.php?rest_route=%2Fwp%2Fv2%2Fmedia&parent=794"}],"wp:term":[{"taxonomy":"category","embeddable":true,"href":"https:\/\/www.zukunft-lankwitz.de\/index.php?rest_route=%2Fwp%2Fv2%2Fcategories&post=794"},{"taxonomy":"post_tag","embeddable":true,"href":"https:\/\/www.zukunft-lankwitz.de\/index.php?rest_route=%2Fwp%2Fv2%2Ftags&post=794"}],"curies":[{"name":"wp","href":"https:\/\/api.w.org\/{rel}","templated":true}]}}