{"id":797,"date":"2017-02-17T19:38:22","date_gmt":"2017-02-17T18:38:22","guid":{"rendered":"http:\/\/www.zukunft-lankwitz.de\/?p=797"},"modified":"2022-01-08T02:13:22","modified_gmt":"2022-01-08T01:13:22","slug":"wir-sind-zurueck-2","status":"publish","type":"post","link":"https:\/\/www.zukunft-lankwitz.de\/?p=797","title":{"rendered":"Wir sind zur\u00fcck!"},"content":{"rendered":"<p>In den letzten Wochen gab es ziemliche Probleme mit dem Server, wodurch der Blog teilweise nicht erreichbar war. Wir hoffen das es nun alles wieder richtig und stabil l\u00e4uft. :o)<\/p>\n<p>Nun aber was aktuelles und das ist die Einladung f\u00fcr den n\u00e4chsten Runden Tisch Lankwitz-S\u00fcdende. Am 22.02.2017 ist es wieder soweit. Als Gast hat sich angek\u00fcndigt Frau Maren Schellenberg\u00a0Bezirksstadtr\u00e4tin f\u00fcr die Abteilung Immobilien, Umwelt und Tiefbau und Vorsitzende des Pr\u00e4ventionsbeirates angemeldet. Sie m\u00f6chte gerne die Arbeit der Runden Tische kennenlernen und auch sich die Anliegen aus unserem Kiez. Von daher sein sie e<a href=\"http:\/\/www.zukunft-lankwitz.de\/wp-content\/uploads\/2017\/02\/einl220217.pdf\"><img loading=\"lazy\" decoding=\"async\" class=\"size-medium wp-image-798 alignright\" src=\"http:\/\/www.zukunft-lankwitz.de\/wp-content\/uploads\/2017\/02\/einl0217-195x300.jpg\" alt=\"einl0217\" width=\"195\" height=\"300\" srcset=\"https:\/\/www.zukunft-lankwitz.de\/wp-content\/uploads\/2017\/02\/einl0217-195x300.jpg 195w, https:\/\/www.zukunft-lankwitz.de\/wp-content\/uploads\/2017\/02\/einl0217.jpg 404w\" sizes=\"auto, (max-width: 195px) 100vw, 195px\" \/><\/a>ingeladen vorbeizukommen und mit ihr ins Gespr\u00e4ch zu gehen.<\/p>\n<p>Eine Detallierte Einladung finden sie <a href=\"http:\/\/www.zukunft-lankwitz.de\/wp-content\/uploads\/2017\/02\/einl220217.pdf\">hier<\/a>.<\/p>\n<p>Datum: \u00a022.02.2017<br \/>\nZeit: \u00a0 \u00a0 \u00a0 18.30 Uhr<br \/>\nOrt: \u00a0 \u00a0 \u00a0 \u00a0Kinder-, Jugend- und Familientreff K\u00e4seglocke<br \/>\nLeonorenstr. 65<br \/>\n12247 Berlin<\/p>\n<p>Wir freuen uns auf Sie!<\/p>\n<div style=\"padding-bottom:10px; padding-top:5px;\" class=\"hupso-share-buttons\"><!-- Hupso Share Buttons - https:\/\/www.hupso.com\/share\/ --><a class=\"hupso_toolbar\" href=\"https:\/\/www.hupso.com\/share\/\"><img decoding=\"async\" src=\"https:\/\/static.hupso.com\/share\/buttons\/lang\/de\/share-medium.png\" style=\"border:0px; padding-top: 5px; float:left;\" alt=\"Share Button\"\/><\/a><script type=\"text\/javascript\">var hupso_services_t=new Array(\"Twitter\",\"Facebook\",\"Google Plus\");var hupso_background_t=\"#EAF4FF\";var hupso_border_t=\"#66CCFF\";var hupso_toolbar_size_t=\"medium\";var hupso_image_folder_url = \"\";var hupso_url_t=\"\";var hupso_title_t=\"Wir%20sind%20zur%C3%BCck%21\";<\/script><script type=\"text\/javascript\" src=\"https:\/\/static.hupso.com\/share\/js\/share_toolbar.js\"><\/script><!-- Hupso Share Buttons --><\/div>","protected":false},"excerpt":{"rendered":"<p>In den letzten Wochen gab es ziemliche Probleme mit dem Server, wodurch der Blog teilweise nicht erreichbar war. Wir hoffen das es nun alles wieder richtig und stabil l\u00e4uft. :o) Nun aber was aktuelles und das ist die Einladung f\u00fcr den n\u00e4chsten Runden Tisch Lankwitz-S\u00fcdende. Am 22.02.2017 ist es wieder soweit. Als Gast hat sich [&hellip;]<\/p>\n<div style=\"padding-bottom:10px; padding-top:5px;\" class=\"hupso-share-buttons\"><!-- Hupso Share Buttons - https:\/\/www.hupso.com\/share\/ --><a class=\"hupso_toolbar\" href=\"https:\/\/www.hupso.com\/share\/\"><img src=\"https:\/\/static.hupso.com\/share\/buttons\/lang\/de\/share-medium.png\" style=\"border:0px; padding-top: 5px; float:left;\" alt=\"Share Button\"\/><\/a><script type=\"text\/javascript\">var hupso_services_t=new Array(\"Twitter\",\"Facebook\",\"Google Plus\");var hupso_background_t=\"#EAF4FF\";var hupso_border_t=\"#66CCFF\";var hupso_toolbar_size_t=\"medium\";var hupso_image_folder_url = \"\";var hupso_url_t=\"\";var hupso_title_t=\"Wir%20sind%20zur%C3%BCck%21\";<\/script><script type=\"text\/javascript\" src=\"https:\/\/static.hupso.com\/share\/js\/share_toolbar.js\"><\/script><!-- Hupso Share Buttons --><\/div>","protected":false},"author":2,"featured_media":0,"comment_status":"open","ping_status":"open","sticky":false,"template":"","format":"standard","meta":{"footnotes":""},"categories":[2,3],"tags":[49,81,25],"class_list":["post-797","post","type-post","status-publish","format-standard","hentry","category-lankwitz","category-runder-tisch","tag-einladung","tag-kaeseglocke","tag-runder-tisch-lankwitz-suedende"],"_links":{"self":[{"href":"https:\/\/www.zukunft-lankwitz.de\/index.php?rest_route=\/wp\/v2\/posts\/797","targetHints":{"allow":["GET"]}}],"collection":[{"href":"https:\/\/www.zukunft-lankwitz.de\/index.php?rest_route=\/wp\/v2\/posts"}],"about":[{"href":"https:\/\/www.zukunft-lankwitz.de\/index.php?rest_route=\/wp\/v2\/types\/post"}],"author":[{"embeddable":true,"href":"https:\/\/www.zukunft-lankwitz.de\/index.php?rest_route=\/wp\/v2\/users\/2"}],"replies":[{"embeddable":true,"href":"https:\/\/www.zukunft-lankwitz.de\/index.php?rest_route=%2Fwp%2Fv2%2Fcomments&post=797"}],"version-history":[{"count":1,"href":"https:\/\/www.zukunft-lankwitz.de\/index.php?rest_route=\/wp\/v2\/posts\/797\/revisions"}],"predecessor-version":[{"id":800,"href":"https:\/\/www.zukunft-lankwitz.de\/index.php?rest_route=\/wp\/v2\/posts\/797\/revisions\/800"}],"wp:attachment":[{"href":"https:\/\/www.zukunft-lankwitz.de\/index.php?rest_route=%2Fwp%2Fv2%2Fmedia&parent=797"}],"wp:term":[{"taxonomy":"category","embeddable":true,"href":"https:\/\/www.zukunft-lankwitz.de\/index.php?rest_route=%2Fwp%2Fv2%2Fcategories&post=797"},{"taxonomy":"post_tag","embeddable":true,"href":"https:\/\/www.zukunft-lankwitz.de\/index.php?rest_route=%2Fwp%2Fv2%2Ftags&post=797"}],"curies":[{"name":"wp","href":"https:\/\/api.w.org\/{rel}","templated":true}]}}