{"id":808,"date":"2017-02-27T10:00:00","date_gmt":"2017-02-27T09:00:00","guid":{"rendered":"http:\/\/www.zukunft-lankwitz.de\/?p=808"},"modified":"2017-02-26T22:29:01","modified_gmt":"2017-02-26T21:29:01","slug":"runder-tisch-lankwitz-suedende-februar-2017-ein-kleiner-persoenlicher-bericht","status":"publish","type":"post","link":"https:\/\/www.zukunft-lankwitz.de\/?p=808","title":{"rendered":"Runder Tisch Lankwitz-S\u00fcdende Februar 2017 &#8211; Ein kleiner pers\u00f6nlicher Bericht"},"content":{"rendered":"<p>Die Themen des Abends sind punktuell sehr emotional belastet und von daher hier mal ausnahmsweise eine andere Form der Berichterstattung!<\/p>\n<p><a href=\"http:\/\/www.zukunft-lankwitz.de\/wp-content\/uploads\/2017\/02\/20170217_122125.jpg\"><img loading=\"lazy\" decoding=\"async\" class=\" wp-image-810 alignright\" src=\"http:\/\/www.zukunft-lankwitz.de\/wp-content\/uploads\/2017\/02\/20170217_122125-225x300.jpg\" alt=\"\" width=\"270\" height=\"360\" srcset=\"https:\/\/www.zukunft-lankwitz.de\/wp-content\/uploads\/2017\/02\/20170217_122125-225x300.jpg 225w, https:\/\/www.zukunft-lankwitz.de\/wp-content\/uploads\/2017\/02\/20170217_122125-768x1024.jpg 768w, https:\/\/www.zukunft-lankwitz.de\/wp-content\/uploads\/2017\/02\/20170217_122125-624x832.jpg 624w, https:\/\/www.zukunft-lankwitz.de\/wp-content\/uploads\/2017\/02\/20170217_122125-600x800.jpg 600w, https:\/\/www.zukunft-lankwitz.de\/wp-content\/uploads\/2017\/02\/20170217_122125-800x1066.jpg 800w, https:\/\/www.zukunft-lankwitz.de\/wp-content\/uploads\/2017\/02\/20170217_122125.jpg 1000w\" sizes=\"auto, (max-width: 270px) 100vw, 270px\" \/><\/a>Am 22. Februar 2017 tagte der Runde Tisch Lankwitz-S\u00fcdende wie gewohnt und besprochen im Kinder und Jugendtreff K\u00e4seglocke. Besonderer Gast war die Bezirksstadtr\u00e4tin Maren Schellenberg zust\u00e4ndig f\u00fcr die Abteilungen\u00a0Immobilien, Umwelt und Tiefbau und Vorsitzende des Pr\u00e4ventionsbeirates. In Anbetracht der Ereignisse der letzten Tage war es nicht so richtig klar, was passieren wird und was uns an diesem Abend erwartet. Die park\u00e4hnlich angelegte Gartenanlage hinter dem Haus Leonore war wie zu erwarten TOP 1 auf der Liste. Am Montag dem 20.02.2017 fanden dort die F\u00e4llungen statt. Bemerkenswert an dieser Stelle finde ich, das in der Presse von 200 B\u00e4umen die Rede ist, und jeder mit dem ich mich unterhalte geht von 200 gestandenen gro\u00dfen B\u00e4umen aus. An dieser Stelle m\u00f6chte ich das einbringen, was Frau Schellenberg gestern Abend auch kurz ausf\u00fchrte, es sind ca. 40 B\u00e4ume gef\u00e4llt worden, wo es einer Genehmigung bedarf. Die anderen 160 B\u00e4ume sind sogenannter Wildwuchs im hinteren Teil. Da waren auch B\u00e4ume (B\u00e4umchen die man locker mit der Hand umschlie\u00dfen kann). Ich m\u00f6chte hier, genauso wenig wie gestern Abend falsch verstanden werden, ich finde es schade egal wie, wo und wann wenn B\u00e4ume, Str\u00e4ucher und Gr\u00fcnfl\u00e4chen H\u00e4usern weichen m\u00fcssen. Es ist aber so, das es manchmal nicht anders geht. Es werden dringend Orte ben\u00f6tigt wo Fl\u00fcchtlinge untergebracht werden k\u00f6nnen. Vivantes hat dem Senat ein solches Gel\u00e4nde verkauft. Der Senat will bauen und so mussten die B\u00e4ume leider weg.<\/p>\n<p>Die B\u00e4ume sind nun weg! Die B\u00fcrger entt\u00e4uscht! Sie f\u00fchlen sich nicht geh\u00f6rt! Nicht ernst genommen! Einfach \u00fcbergangen! Das sind gut nachvollziehbare Gr\u00fcnde und ich kann sie auch gut verstehen. Es ist nur so, das f\u00fcr mich ganz pers\u00f6nlich, speziell die Kommentare in den Sozialen Netzwerken oder auch hier in diesem Blog das Gef\u00fchl vermitteln, das es dem einen oder anderen nicht um die B\u00e4ume, sondern um die Fl\u00fcchtlinge geht. Ich habe in den vergangenen Wochen viele Gespr\u00e4che mit Kollegen_innen aus Einrichtungen gesprochen die in unmittelbarer N\u00e4he von Fl\u00fcchtlingsunterk\u00fcnften arbeiten oder aktiv vor Ort sind. Es ist f\u00fcr beide Seiten eine Herausforderung, aber sie sprechen nicht von gro\u00dfen Problemen, Bedrohungen oder Auff\u00e4lligkeiten.<\/p>\n<p>In den letzten Monaten wurde viel erz\u00e4hlt, aber ein Fakt ist das rein rechnerisch f\u00fcr eine Unterkunft 8 Turnhallen freigezogen werden k\u00f6nnen und die Kinder, Jugendlichen und Sportvereine wieder Sport machen k\u00f6nnen, und die Menschen die sich mit nur ein paar wenigen bis gar keinen Sachen auf den Weg gemacht haben, alles was sie bis hierhin geschaffen und aufgebaut haben zur\u00fcckgelassen haben in eine bessere, wenn auch nicht optimale Wohnsitation zu \u00fcberf\u00fchren. Sie leben jetzt Bett an Bett seit Monaten, was nur f\u00fcr kurze Zeitr\u00e4ume geplant war. K\u00f6nnen sich nicht selber was zu essen kochen, m\u00fcssen essen was man ihnen vorsetzt, haben keine Privatsph\u00e4re, \u00a0und und und.<\/p>\n<p><a href=\"http:\/\/www.zukunft-lankwitz.de\/wp-content\/uploads\/2016\/04\/20160401_182602.jpg\"><img loading=\"lazy\" decoding=\"async\" class=\"alignleft wp-image-709\" src=\"http:\/\/www.zukunft-lankwitz.de\/wp-content\/uploads\/2016\/04\/20160401_182602-169x300.jpg\" alt=\"\" width=\"248\" height=\"440\" srcset=\"https:\/\/www.zukunft-lankwitz.de\/wp-content\/uploads\/2016\/04\/20160401_182602-169x300.jpg 169w, https:\/\/www.zukunft-lankwitz.de\/wp-content\/uploads\/2016\/04\/20160401_182602-768x1366.jpg 768w, https:\/\/www.zukunft-lankwitz.de\/wp-content\/uploads\/2016\/04\/20160401_182602-576x1024.jpg 576w, https:\/\/www.zukunft-lankwitz.de\/wp-content\/uploads\/2016\/04\/20160401_182602-624x1109.jpg 624w, https:\/\/www.zukunft-lankwitz.de\/wp-content\/uploads\/2016\/04\/20160401_182602.jpg 1000w\" sizes=\"auto, (max-width: 248px) 100vw, 248px\" \/><\/a>Wir haben nun rund 12 Monate Zeit um uns gut vorzubereiten auf die Menschen die da kommen. Um sie in unserem Kiez Willkommen zu hei\u00dfen und wenn es not tut zu unterst\u00fctzen. Es ist in der heutigen Zeit wichtiger den je das wir uns an dieser Stelle positionieren und auch nach au\u00dfen zeigen wo wir stehen und was wir denken. Ich m\u00f6chte Sie bitten auch gerne unter diesem pers\u00f6nlichen Beitrag einen Kommentar zu hinterlassen.<\/p>\n<p>Nun aber genug zu diesem Thema! Es wird uns in den n\u00e4chsten Monaten noch bewegen und auch hier im Blog werden wir bestimmt das eine oder andere noch berichten haben. Weitere Themen des Abends aus dem Bereich Aktuelles aus dem Kiez waren unter anderem die F\u00e4llungen im Stadtpark am Freitag und Montag, wo ein Gro\u00dfteil der B\u00e4ume krankheitsbedingt am Hauptweg gef\u00e4llt worden sind, eine Nachfrage nach dem Ginkgobaum und der Sitzgelegenheit am S-Bahnhof Lankwitz und die Park- und Fahrsituation an der Bruchwitz \/ Bernkastlerstr.. Es war ein guter, informativer, lebendiger Runder Tisch. Ich freue mich auf den n\u00e4chsten! Und vielleicht sind Sie ja auch dabei und helfen mit den Kiez aktiv mitzugestalten! :o)<\/p>\n<p>&nbsp;<\/p>\n<div style=\"padding-bottom:10px; padding-top:5px;\" class=\"hupso-share-buttons\"><!-- Hupso Share Buttons - https:\/\/www.hupso.com\/share\/ --><a class=\"hupso_toolbar\" href=\"https:\/\/www.hupso.com\/share\/\"><img decoding=\"async\" src=\"https:\/\/static.hupso.com\/share\/buttons\/lang\/de\/share-medium.png\" style=\"border:0px; padding-top: 5px; float:left;\" alt=\"Share Button\"\/><\/a><script type=\"text\/javascript\">var hupso_services_t=new Array(\"Twitter\",\"Facebook\",\"Google Plus\");var hupso_background_t=\"#EAF4FF\";var hupso_border_t=\"#66CCFF\";var hupso_toolbar_size_t=\"medium\";var hupso_image_folder_url = \"\";var hupso_url_t=\"\";var hupso_title_t=\"Runder%20Tisch%20Lankwitz-S%C3%BCdende%20Februar%202017%20-%20Ein%20kleiner%20pers%C3%B6nlicher%20Bericht\";<\/script><script type=\"text\/javascript\" src=\"https:\/\/static.hupso.com\/share\/js\/share_toolbar.js\"><\/script><!-- Hupso Share Buttons --><\/div>","protected":false},"excerpt":{"rendered":"<p>Die Themen des Abends sind punktuell sehr emotional belastet und von daher hier mal ausnahmsweise eine andere Form der Berichterstattung! Am 22. Februar 2017 tagte der Runde Tisch Lankwitz-S\u00fcdende wie gewohnt und besprochen im Kinder und Jugendtreff K\u00e4seglocke. Besonderer Gast war die Bezirksstadtr\u00e4tin Maren Schellenberg zust\u00e4ndig f\u00fcr die Abteilungen\u00a0Immobilien, Umwelt und Tiefbau und Vorsitzende des [&hellip;]<\/p>\n<div style=\"padding-bottom:10px; padding-top:5px;\" class=\"hupso-share-buttons\"><!-- Hupso Share Buttons - https:\/\/www.hupso.com\/share\/ --><a class=\"hupso_toolbar\" href=\"https:\/\/www.hupso.com\/share\/\"><img src=\"https:\/\/static.hupso.com\/share\/buttons\/lang\/de\/share-medium.png\" style=\"border:0px; padding-top: 5px; float:left;\" alt=\"Share Button\"\/><\/a><script type=\"text\/javascript\">var hupso_services_t=new Array(\"Twitter\",\"Facebook\",\"Google Plus\");var hupso_background_t=\"#EAF4FF\";var hupso_border_t=\"#66CCFF\";var hupso_toolbar_size_t=\"medium\";var hupso_image_folder_url = \"\";var hupso_url_t=\"\";var hupso_title_t=\"Runder%20Tisch%20Lankwitz-S%C3%BCdende%20Februar%202017%20-%20Ein%20kleiner%20pers%C3%B6nlicher%20Bericht\";<\/script><script type=\"text\/javascript\" src=\"https:\/\/static.hupso.com\/share\/js\/share_toolbar.js\"><\/script><!-- Hupso Share Buttons --><\/div>","protected":false},"author":2,"featured_media":0,"comment_status":"open","ping_status":"open","sticky":false,"template":"","format":"standard","meta":{"footnotes":""},"categories":[3],"tags":[],"class_list":["post-808","post","type-post","status-publish","format-standard","hentry","category-runder-tisch"],"_links":{"self":[{"href":"https:\/\/www.zukunft-lankwitz.de\/index.php?rest_route=\/wp\/v2\/posts\/808","targetHints":{"allow":["GET"]}}],"collection":[{"href":"https:\/\/www.zukunft-lankwitz.de\/index.php?rest_route=\/wp\/v2\/posts"}],"about":[{"href":"https:\/\/www.zukunft-lankwitz.de\/index.php?rest_route=\/wp\/v2\/types\/post"}],"author":[{"embeddable":true,"href":"https:\/\/www.zukunft-lankwitz.de\/index.php?rest_route=\/wp\/v2\/users\/2"}],"replies":[{"embeddable":true,"href":"https:\/\/www.zukunft-lankwitz.de\/index.php?rest_route=%2Fwp%2Fv2%2Fcomments&post=808"}],"version-history":[{"count":3,"href":"https:\/\/www.zukunft-lankwitz.de\/index.php?rest_route=\/wp\/v2\/posts\/808\/revisions"}],"predecessor-version":[{"id":814,"href":"https:\/\/www.zukunft-lankwitz.de\/index.php?rest_route=\/wp\/v2\/posts\/808\/revisions\/814"}],"wp:attachment":[{"href":"https:\/\/www.zukunft-lankwitz.de\/index.php?rest_route=%2Fwp%2Fv2%2Fmedia&parent=808"}],"wp:term":[{"taxonomy":"category","embeddable":true,"href":"https:\/\/www.zukunft-lankwitz.de\/index.php?rest_route=%2Fwp%2Fv2%2Fcategories&post=808"},{"taxonomy":"post_tag","embeddable":true,"href":"https:\/\/www.zukunft-lankwitz.de\/index.php?rest_route=%2Fwp%2Fv2%2Ftags&post=808"}],"curies":[{"name":"wp","href":"https:\/\/api.w.org\/{rel}","templated":true}]}}