{"id":842,"date":"2018-05-27T10:53:08","date_gmt":"2018-05-27T08:53:08","guid":{"rendered":"http:\/\/www.zukunft-lankwitz.de\/?p=842"},"modified":"2018-05-27T10:53:08","modified_gmt":"2018-05-27T08:53:08","slug":"kiezfest-und-marktplatz-der-ideen","status":"publish","type":"post","link":"https:\/\/www.zukunft-lankwitz.de\/?p=842","title":{"rendered":"Kiezfest und Marktplatz der Ideen"},"content":{"rendered":"<p><a href=\"http:\/\/www.zukunft-lankwitz.de\/wp-content\/uploads\/2018\/05\/20180524_142758.jpg\"><img loading=\"lazy\" decoding=\"async\" class=\" wp-image-843 alignleft\" src=\"http:\/\/www.zukunft-lankwitz.de\/wp-content\/uploads\/2018\/05\/20180524_142758-225x300.jpg\" alt=\"\" width=\"254\" height=\"339\" srcset=\"https:\/\/www.zukunft-lankwitz.de\/wp-content\/uploads\/2018\/05\/20180524_142758-225x300.jpg 225w, https:\/\/www.zukunft-lankwitz.de\/wp-content\/uploads\/2018\/05\/20180524_142758-768x1024.jpg 768w, https:\/\/www.zukunft-lankwitz.de\/wp-content\/uploads\/2018\/05\/20180524_142758-624x832.jpg 624w\" sizes=\"auto, (max-width: 254px) 100vw, 254px\" \/><\/a><\/p>\n<p>In wenigen Tagen ist es soweit. Das Kiezfest und der Marktplatz der Ideen steht vor der T\u00fcr. Es sind neben vielen interessanten Infost\u00e4nden aus den verschiedensten Bereichen und der Politik, auch unterschiedliche Kunsthandwerker mit am Start. F\u00fcr den Marktplatz der Ideen konnten wir aus der Verwaltung und Politik spannende Gespr\u00e4chspartner_innen gewinnen, sodass Ihre Themen die Chance haben ein Ohr zu finden und ggf. wenn m\u00f6glich eine Ver\u00e4nderung erzielt werden kann.<\/p>\n<p>&nbsp;<\/p>\n<p>&nbsp;<\/p>\n<p><img loading=\"lazy\" decoding=\"async\" class=\"alignright size-medium wp-image-844\" src=\"http:\/\/www.zukunft-lankwitz.de\/wp-content\/uploads\/2018\/05\/20180524_142807-225x300.jpg\" alt=\"\" width=\"225\" height=\"300\" srcset=\"https:\/\/www.zukunft-lankwitz.de\/wp-content\/uploads\/2018\/05\/20180524_142807-225x300.jpg 225w, https:\/\/www.zukunft-lankwitz.de\/wp-content\/uploads\/2018\/05\/20180524_142807-768x1024.jpg 768w, https:\/\/www.zukunft-lankwitz.de\/wp-content\/uploads\/2018\/05\/20180524_142807-624x832.jpg 624w, https:\/\/www.zukunft-lankwitz.de\/wp-content\/uploads\/2018\/05\/20180524_142807-600x800.jpg 600w, https:\/\/www.zukunft-lankwitz.de\/wp-content\/uploads\/2018\/05\/20180524_142807-800x1067.jpg 800w\" sizes=\"auto, (max-width: 225px) 100vw, 225px\" \/><\/p>\n<p>Au\u00dferdem ist der Runde Tisch Lankwitz-S\u00fcdende die Tage 10 Jahre alt geworden und wenn das nicht ein Grund ist mal zur\u00fcckzublicken und zu schauen was in den letzten 10 Jahren alles so passiert ist.<\/p>\n<p>Ich m\u00f6chte Sie einladen sich diese Zeitreise anzuschauen oder an den St\u00e4nden zu informieren oder ihre Ideen mit einzubringen.<\/p>\n<p>In den n\u00e4chsten Tagen stellen wir ihnen hier das detaillierte Programm vor.<\/p>\n<p>Wir freuen uns auf sie!<\/p>\n<div style=\"padding-bottom:10px; padding-top:5px;\" class=\"hupso-share-buttons\"><!-- Hupso Share Buttons - https:\/\/www.hupso.com\/share\/ --><a class=\"hupso_toolbar\" href=\"https:\/\/www.hupso.com\/share\/\"><img decoding=\"async\" src=\"https:\/\/static.hupso.com\/share\/buttons\/lang\/de\/share-medium.png\" style=\"border:0px; padding-top: 5px; float:left;\" alt=\"Share Button\"\/><\/a><script type=\"text\/javascript\">var hupso_services_t=new Array(\"Twitter\",\"Facebook\",\"Google Plus\");var hupso_background_t=\"#EAF4FF\";var hupso_border_t=\"#66CCFF\";var hupso_toolbar_size_t=\"medium\";var hupso_image_folder_url = \"\";var hupso_url_t=\"\";var hupso_title_t=\"Kiezfest%20und%20Marktplatz%20der%20Ideen\";<\/script><script type=\"text\/javascript\" src=\"https:\/\/static.hupso.com\/share\/js\/share_toolbar.js\"><\/script><!-- Hupso Share Buttons --><\/div>","protected":false},"excerpt":{"rendered":"<p>In wenigen Tagen ist es soweit. Das Kiezfest und der Marktplatz der Ideen steht vor der T\u00fcr. Es sind neben vielen interessanten Infost\u00e4nden aus den verschiedensten Bereichen und der Politik, auch unterschiedliche Kunsthandwerker mit am Start. F\u00fcr den Marktplatz der Ideen konnten wir aus der Verwaltung und Politik spannende Gespr\u00e4chspartner_innen gewinnen, sodass Ihre Themen die [&hellip;]<\/p>\n<div style=\"padding-bottom:10px; padding-top:5px;\" class=\"hupso-share-buttons\"><!-- Hupso Share Buttons - https:\/\/www.hupso.com\/share\/ --><a class=\"hupso_toolbar\" href=\"https:\/\/www.hupso.com\/share\/\"><img src=\"https:\/\/static.hupso.com\/share\/buttons\/lang\/de\/share-medium.png\" style=\"border:0px; padding-top: 5px; float:left;\" alt=\"Share Button\"\/><\/a><script type=\"text\/javascript\">var hupso_services_t=new Array(\"Twitter\",\"Facebook\",\"Google Plus\");var hupso_background_t=\"#EAF4FF\";var hupso_border_t=\"#66CCFF\";var hupso_toolbar_size_t=\"medium\";var hupso_image_folder_url = \"\";var hupso_url_t=\"\";var hupso_title_t=\"Kiezfest%20und%20Marktplatz%20der%20Ideen\";<\/script><script type=\"text\/javascript\" src=\"https:\/\/static.hupso.com\/share\/js\/share_toolbar.js\"><\/script><!-- Hupso Share Buttons --><\/div>","protected":false},"author":2,"featured_media":0,"comment_status":"open","ping_status":"open","sticky":false,"template":"","format":"standard","meta":{"footnotes":""},"categories":[1,213,2,117,3],"tags":[134,8,25],"class_list":["post-842","post","type-post","status-publish","format-standard","hentry","category-allgemein","category-kiezfest","category-lankwitz","category-marktplatz-der-ideen","category-runder-tisch","tag-kiezfest","tag-marktplatz-der-ideen","tag-runder-tisch-lankwitz-suedende"],"_links":{"self":[{"href":"https:\/\/www.zukunft-lankwitz.de\/index.php?rest_route=\/wp\/v2\/posts\/842","targetHints":{"allow":["GET"]}}],"collection":[{"href":"https:\/\/www.zukunft-lankwitz.de\/index.php?rest_route=\/wp\/v2\/posts"}],"about":[{"href":"https:\/\/www.zukunft-lankwitz.de\/index.php?rest_route=\/wp\/v2\/types\/post"}],"author":[{"embeddable":true,"href":"https:\/\/www.zukunft-lankwitz.de\/index.php?rest_route=\/wp\/v2\/users\/2"}],"replies":[{"embeddable":true,"href":"https:\/\/www.zukunft-lankwitz.de\/index.php?rest_route=%2Fwp%2Fv2%2Fcomments&post=842"}],"version-history":[{"count":1,"href":"https:\/\/www.zukunft-lankwitz.de\/index.php?rest_route=\/wp\/v2\/posts\/842\/revisions"}],"predecessor-version":[{"id":845,"href":"https:\/\/www.zukunft-lankwitz.de\/index.php?rest_route=\/wp\/v2\/posts\/842\/revisions\/845"}],"wp:attachment":[{"href":"https:\/\/www.zukunft-lankwitz.de\/index.php?rest_route=%2Fwp%2Fv2%2Fmedia&parent=842"}],"wp:term":[{"taxonomy":"category","embeddable":true,"href":"https:\/\/www.zukunft-lankwitz.de\/index.php?rest_route=%2Fwp%2Fv2%2Fcategories&post=842"},{"taxonomy":"post_tag","embeddable":true,"href":"https:\/\/www.zukunft-lankwitz.de\/index.php?rest_route=%2Fwp%2Fv2%2Ftags&post=842"}],"curies":[{"name":"wp","href":"https:\/\/api.w.org\/{rel}","templated":true}]}}