{"id":853,"date":"2018-05-31T16:02:32","date_gmt":"2018-05-31T14:02:32","guid":{"rendered":"http:\/\/www.zukunft-lankwitz.de\/?p=853"},"modified":"2018-05-31T16:14:19","modified_gmt":"2018-05-31T14:14:19","slug":"aktuelles-zum-marktplatz-der-ideen-und-zum-kiezfest","status":"publish","type":"post","link":"https:\/\/www.zukunft-lankwitz.de\/?p=853","title":{"rendered":"Aktuelles zum Marktplatz der Ideen und zum Kiezfest"},"content":{"rendered":"<p>Wie versprochen kommt hier das Programm f\u00fcr den Marktplatz der Ideen 2018. Aber zuvor noch ein paar Worte was sie erwartet:<\/p>\n<p>An verschiedenen Tischen sind G\u00e4ste aus unterschiedlichen Bereichen aus Politik, Verwaltung, Polizei und Institutionen eingeladen mit Ihnen zu Ihren Ideen und W\u00fcnschen oder einem speziellen Thema zu diskutieren.<\/p>\n<p>Alles was Ideen oder W\u00fcnschen entsteht wird \u00f6ffentlich dokumentiert und ggf. am Runden Tisch Lankwitz-S\u00fcdende oder im Pr\u00e4ventionsbeirat Steglitz-Zehlendorf diskutiert und nach L\u00f6sungen gesucht.<\/p>\n<p>Hier nun unsere G\u00e4ste und Themen:<\/p>\n<table width=\"555\">\n<tbody>\n<tr>\n<td style=\"text-align: center;\" width=\"185\"><\/td>\n<td style=\"text-align: center;\" rowspan=\"2\" width=\"185\"><\/td>\n<td style=\"text-align: center;\" rowspan=\"4\" width=\"185\" data-sheets-value=\"{&quot;1&quot;:2,&quot;2&quot;:&quot;Only for Kids and Teens!\\n\\n14:00 - 16.00 Uhr \\nWas kann ich machen \\nin Lankwitz??? - Was \\nw\u00fcnsche ich mir?\\n- Kinder und Jugendb\u00fcro \\nSteglitz-Zehlendorf&quot;}\"><span style=\"color: #ff0000;\">Only for Kids and Teens!<\/span><\/p>\n<p>14:00 &#8211; 16.00 Uhr<br \/>\n<strong>Was kann ich machen <\/strong><br \/>\n<strong>in Lankwitz??? &#8211; Was <\/strong><br \/>\n<strong>w\u00fcnsche ich mir?<\/strong><br \/>\n&#8211; Kinder und Jugendb\u00fcro<br \/>\nSteglitz-Zehlendorf<\/td>\n<\/tr>\n<tr>\n<td rowspan=\"2\" width=\"185\" data-sheets-value=\"{&quot;1&quot;:2,&quot;2&quot;:&quot;14:30 - 15:30 Uhr\\nBezirksstadtr\u00e4tin\\nCarolina B\u00f6hm\\nAbt. Jugend und \\nGesundheit&quot;}\">\n<p style=\"text-align: center;\">14:30 &#8211; 15:30 Uhr<br \/>\n<strong>Bezirksstadtr\u00e4tin<\/strong><br \/>\n<strong>Carolina B\u00f6hm<\/strong><br \/>\nAbt. Jugend und<br \/>\nGesundheit<\/p>\n<\/td>\n<\/tr>\n<tr>\n<td rowspan=\"2\" width=\"185\" data-sheets-value=\"{&quot;1&quot;:2,&quot;2&quot;:&quot;15:00 - 16:00 Uhr\\nJugendliche im \\n\u00d6ffentlichen Raum - \\nOutreach - \\nMobile Jugendarbeit&quot;}\">\n<p style=\"text-align: center;\">15:00 &#8211; 16:00 Uhr<br \/>\n<strong>Jugendliche im <\/strong><br \/>\n<strong>\u00d6ffentlichen Raum &#8211;<\/strong><br \/>\nOutreach &#8211;<br \/>\nMobile Jugendarbeit<\/p>\n<\/td>\n<\/tr>\n<tr>\n<td rowspan=\"2\" width=\"185\" data-sheets-value=\"{&quot;1&quot;:2,&quot;2&quot;:&quot;15:30 - 16:30 Uhr\\nBezirksstadtr\u00e4tin\\nMaren Schellenberg\\nAbt. Immobilien, \\nUmwelt und Tiefbau&quot;}\">\n<p style=\"text-align: center;\">15:30 &#8211; 16:30 Uhr<br \/>\n<strong>Bezirksstadtr\u00e4tin<\/strong><br \/>\n<strong>Maren Schellenberg<\/strong><br \/>\nAbt. Immobilien,<br \/>\nUmwelt und Tiefbau<\/p>\n<\/td>\n<\/tr>\n<tr>\n<td rowspan=\"2\" width=\"185\" data-sheets-value=\"{&quot;1&quot;:2,&quot;2&quot;:&quot;16.00 bis 17.00 Uhr\\nBarrierefreier Kiez - \\nEileen Moritz \\nBeauftragte f\u00fcr \\nMenschen mit \\nBehinderungen&quot;}\">\n<p style=\"text-align: center;\">16.00 bis 17.00 Uhr<br \/>\n<strong>Barrierefreier Kiez &#8211; <\/strong><br \/>\nEileen Moritz<br \/>\nBeauftragte f\u00fcr<br \/>\nMenschen mit<br \/>\nBehinderungen<\/p>\n<\/td>\n<td width=\"185\"><\/td>\n<\/tr>\n<tr>\n<td rowspan=\"2\" width=\"185\"><\/td>\n<td rowspan=\"5\" width=\"185\" data-sheets-value=\"{&quot;1&quot;:2,&quot;2&quot;:&quot;Only for Kids and Teens!\\n\\n\\n16:30 - 18:30 Uhr\\nWo sollte der Kiez \\nsch\u00f6ner werden? Was \\ndarf nicht ver-\\nschwinden?\\n- Kinder und Jugendb\u00fcro \\nSteglitz-Zehlendorf&quot;}\">\n<p style=\"text-align: center;\"><span style=\"color: #ff0000;\">Only for Kids and Teens!<\/span><\/p>\n<p>16:30 &#8211; 18:30 Uhr<br \/>\n<strong>Wo sollte der Kiez <\/strong><br \/>\n<strong>sch\u00f6ner werden? Was <\/strong><br \/>\n<strong>darf nicht ver<\/strong><strong>schwinden?<\/strong><br \/>\n&#8211; Kinder und Jugendb\u00fcro<br \/>\nSteglitz-Zehlendorf<\/td>\n<\/tr>\n<tr>\n<td rowspan=\"2\" width=\"185\" data-sheets-value=\"{&quot;1&quot;:2,&quot;2&quot;:&quot;17.00 bis 18.00 Uhr\\nSicherheit im Kiez -\\nPr\u00e4ventionsbeauftragte\\nder Berliner Polizei\\nAbschnitt 46&quot;}\">\n<p style=\"text-align: center;\">17.00 bis 18.00 Uhr<br \/>\n<strong>Sicherheit im Kiez &#8211;<\/strong><br \/>\nPr\u00e4ventionsbeauftragte<br \/>\nder Berliner Polizei<br \/>\nAbschnitt 46<\/p>\n<\/td>\n<\/tr>\n<tr>\n<td rowspan=\"2\" width=\"185\" data-sheets-value=\"{&quot;1&quot;:2,&quot;2&quot;:&quot;17:30 - 18:30 Uhr\\nBezirksstadtrat\\nMichael Karnetzki\\nAbt. Ordnung, Verkehr \\nund B\u00fcrgerdienste &quot;}\">\n<p style=\"text-align: center;\">17:30 &#8211; 18:30 Uhr<br \/>\n<strong>Bezirksstadtrat<\/strong><br \/>\n<strong>Michael Karnetzki<\/strong><br \/>\nAbt. Ordnung, Verkehr<br \/>\nund B\u00fcrgerdienste<\/p>\n<\/td>\n<\/tr>\n<tr>\n<td rowspan=\"2\" width=\"185\" data-sheets-value=\"{&quot;1&quot;:2,&quot;2&quot;:&quot;18:00 bis 19:00 Uhr\\nEinzelhandel im Kiez vs\\nOnline Shopping -\\nMein LiLa - Hr. Fohloff&quot;}\">\n<p style=\"text-align: center;\">18:00 bis 19:00 Uhr<br \/>\n<strong>Einzelhandel im Kiez vs<\/strong><br \/>\n<strong>Online Shopping &#8211;<\/strong><br \/>\nMein LiLa &#8211; Hr. Fohloff<\/p>\n<\/td>\n<\/tr>\n<tr>\n<td width=\"185\"><\/td>\n<\/tr>\n<\/tbody>\n<\/table>\n<p>Neben den Marktplatz der Ideen gibt es noch das Kiez-Fest mit vielen Interessanten St\u00e4nden und Mitmachangeboten. Von Infost\u00e4nden der unterschiedlichen Institutionen, verschiedener Parteien, \u00fcber Sportvereinen bis zu Kunsthandwerk aus dem Kiez ist alles vertreten. Ein buntes Angebot erwartet Sie.<\/p>\n<p>Ein Hightlight des Tages ist eine Lesung von Nina Hundertschnee. Sie wird um 15.30 Uhr aus ihrem neusten Werk Plumbums Bleistift &#8211; Mumienalarm vorlesen. Im Anschluss an die Lesung k\u00f6nnen die Kinder noch Ausmalbilder der Geschichte bekommen. Ein besonderes Angebot das man nicht verpassen darf. Wenn Sie jetzt schon mehr \u00fcber sie wissen m\u00f6chten dann schauen Sie hier:\u00a0<a href=\"http:\/\/nina-hundertschnee.de\/\" target=\"_blank\" rel=\"noopener\">http:\/\/nina-hundertschnee.de\/<\/a><\/p>\n<p>Es ist ein bunter Tag wo wir denken das f\u00fcr jeden was dabei ist. Schauen\u00a0 Sie vorbei und verpassen Sie nicht das Ereignis des Jahres in Lankwitz<\/p>\n<p><a href=\"http:\/\/www.zukunft-lankwitz.de\/wp-content\/uploads\/2018\/05\/kiefmpdiklein.jpg\"><img loading=\"lazy\" decoding=\"async\" class=\" wp-image-856 aligncenter\" src=\"http:\/\/www.zukunft-lankwitz.de\/wp-content\/uploads\/2018\/05\/kiefmpdiklein-300x241.jpg\" alt=\"\" width=\"386\" height=\"310\" srcset=\"https:\/\/www.zukunft-lankwitz.de\/wp-content\/uploads\/2018\/05\/kiefmpdiklein-300x241.jpg 300w, https:\/\/www.zukunft-lankwitz.de\/wp-content\/uploads\/2018\/05\/kiefmpdiklein.jpg 500w\" sizes=\"auto, (max-width: 386px) 100vw, 386px\" \/><\/a><\/p>\n<p>Wir freuen uns auf Sie!<\/p>\n<div style=\"padding-bottom:10px; padding-top:5px;\" class=\"hupso-share-buttons\"><!-- Hupso Share Buttons - https:\/\/www.hupso.com\/share\/ --><a class=\"hupso_toolbar\" href=\"https:\/\/www.hupso.com\/share\/\"><img decoding=\"async\" src=\"https:\/\/static.hupso.com\/share\/buttons\/lang\/de\/share-medium.png\" style=\"border:0px; padding-top: 5px; float:left;\" alt=\"Share Button\"\/><\/a><script type=\"text\/javascript\">var hupso_services_t=new Array(\"Twitter\",\"Facebook\",\"Google Plus\");var hupso_background_t=\"#EAF4FF\";var hupso_border_t=\"#66CCFF\";var hupso_toolbar_size_t=\"medium\";var hupso_image_folder_url = \"\";var hupso_url_t=\"\";var hupso_title_t=\"Aktuelles%20zum%20Marktplatz%20der%20Ideen%20und%20zum%20Kiezfest\";<\/script><script type=\"text\/javascript\" src=\"https:\/\/static.hupso.com\/share\/js\/share_toolbar.js\"><\/script><!-- Hupso Share Buttons --><\/div>","protected":false},"excerpt":{"rendered":"<p>Wie versprochen kommt hier das Programm f\u00fcr den Marktplatz der Ideen 2018. Aber zuvor noch ein paar Worte was sie erwartet: An verschiedenen Tischen sind G\u00e4ste aus unterschiedlichen Bereichen aus Politik, Verwaltung, Polizei und Institutionen eingeladen mit Ihnen zu Ihren Ideen und W\u00fcnschen oder einem speziellen Thema zu diskutieren. Alles was Ideen oder W\u00fcnschen entsteht [&hellip;]<\/p>\n<div style=\"padding-bottom:10px; padding-top:5px;\" class=\"hupso-share-buttons\"><!-- Hupso Share Buttons - https:\/\/www.hupso.com\/share\/ --><a class=\"hupso_toolbar\" href=\"https:\/\/www.hupso.com\/share\/\"><img src=\"https:\/\/static.hupso.com\/share\/buttons\/lang\/de\/share-medium.png\" style=\"border:0px; padding-top: 5px; float:left;\" alt=\"Share Button\"\/><\/a><script type=\"text\/javascript\">var hupso_services_t=new Array(\"Twitter\",\"Facebook\",\"Google Plus\");var hupso_background_t=\"#EAF4FF\";var hupso_border_t=\"#66CCFF\";var hupso_toolbar_size_t=\"medium\";var hupso_image_folder_url = \"\";var hupso_url_t=\"\";var hupso_title_t=\"Aktuelles%20zum%20Marktplatz%20der%20Ideen%20und%20zum%20Kiezfest\";<\/script><script type=\"text\/javascript\" src=\"https:\/\/static.hupso.com\/share\/js\/share_toolbar.js\"><\/script><!-- Hupso Share Buttons --><\/div>","protected":false},"author":2,"featured_media":0,"comment_status":"open","ping_status":"open","sticky":false,"template":"","format":"standard","meta":{"footnotes":""},"categories":[1,213,2,117,3],"tags":[167,215,214,81,134,8],"class_list":["post-853","post","type-post","status-publish","format-standard","hentry","category-allgemein","category-kiezfest","category-lankwitz","category-marktplatz-der-ideen","category-runder-tisch","tag-bezirksstadtrat-michael-karnetzki","tag-bezirksstadtraetin-carolina-boehm","tag-bezirksstadtraetin-maren-schellenberg","tag-kaeseglocke","tag-kiezfest","tag-marktplatz-der-ideen"],"_links":{"self":[{"href":"https:\/\/www.zukunft-lankwitz.de\/index.php?rest_route=\/wp\/v2\/posts\/853","targetHints":{"allow":["GET"]}}],"collection":[{"href":"https:\/\/www.zukunft-lankwitz.de\/index.php?rest_route=\/wp\/v2\/posts"}],"about":[{"href":"https:\/\/www.zukunft-lankwitz.de\/index.php?rest_route=\/wp\/v2\/types\/post"}],"author":[{"embeddable":true,"href":"https:\/\/www.zukunft-lankwitz.de\/index.php?rest_route=\/wp\/v2\/users\/2"}],"replies":[{"embeddable":true,"href":"https:\/\/www.zukunft-lankwitz.de\/index.php?rest_route=%2Fwp%2Fv2%2Fcomments&post=853"}],"version-history":[{"count":2,"href":"https:\/\/www.zukunft-lankwitz.de\/index.php?rest_route=\/wp\/v2\/posts\/853\/revisions"}],"predecessor-version":[{"id":858,"href":"https:\/\/www.zukunft-lankwitz.de\/index.php?rest_route=\/wp\/v2\/posts\/853\/revisions\/858"}],"wp:attachment":[{"href":"https:\/\/www.zukunft-lankwitz.de\/index.php?rest_route=%2Fwp%2Fv2%2Fmedia&parent=853"}],"wp:term":[{"taxonomy":"category","embeddable":true,"href":"https:\/\/www.zukunft-lankwitz.de\/index.php?rest_route=%2Fwp%2Fv2%2Fcategories&post=853"},{"taxonomy":"post_tag","embeddable":true,"href":"https:\/\/www.zukunft-lankwitz.de\/index.php?rest_route=%2Fwp%2Fv2%2Ftags&post=853"}],"curies":[{"name":"wp","href":"https:\/\/api.w.org\/{rel}","templated":true}]}}