{"id":898,"date":"2019-01-21T12:00:05","date_gmt":"2019-01-21T11:00:05","guid":{"rendered":"http:\/\/www.zukunft-lankwitz.de\/?p=898"},"modified":"2019-01-20T15:56:48","modified_gmt":"2019-01-20T14:56:48","slug":"einladung-runder-tisch-lankwitz-suedende","status":"publish","type":"post","link":"https:\/\/www.zukunft-lankwitz.de\/?p=898","title":{"rendered":"Einladung Runder Tisch Lankwitz-S\u00fcdende"},"content":{"rendered":"\n<div class=\"wp-block-image\"><figure class=\"alignleft is-resized\"><img loading=\"lazy\" decoding=\"async\" src=\"https:\/\/www.zukunft-lankwitz.de\/wp-content\/uploads\/2019\/01\/ein0119-1.jpg\" alt=\"\" class=\"wp-image-906\" width=\"280\" height=\"347\" srcset=\"https:\/\/www.zukunft-lankwitz.de\/wp-content\/uploads\/2019\/01\/ein0119-1.jpg 599w, https:\/\/www.zukunft-lankwitz.de\/wp-content\/uploads\/2019\/01\/ein0119-1-243x300.jpg 243w\" sizes=\"auto, (max-width: 280px) 100vw, 280px\" \/><\/figure><\/div>\n\n\n\n<p>Der erste Runde Tisch 2019 steht vor der T\u00fcr. Themen werden unter anderem sein:<\/p>\n\n\n\n<ul class=\"wp-block-list\"><li>Themensammlung f\u00fcr 2019<\/li><li>Ideen f\u00fcr das Kiez-Fest und den Marktplatz der Ideen 2019 <\/li><li>Bericht vom Pr\u00e4ventionsbeirat Steglitz-Zehlendorf<\/li><\/ul>\n\n\n\n<p><\/p>\n\n\n\n<p>Die <a rel=\"noreferrer noopener\" aria-label=\"Einladung (\u00f6ffnet in neuem Tab)\" href=\"http:\/\/www.zukunft-lankwitz.de\/wp-content\/uploads\/2019\/01\/einl3010119.pdf\" target=\"_blank\">Einladung<\/a>, sowie das <a rel=\"noreferrer noopener\" aria-label=\" (\u00f6ffnet in neuem Tab)\" href=\"http:\/\/www.zukunft-lankwitz.de\/wp-content\/uploads\/2019\/01\/prot28112018.pdf\" target=\"_blank\">Protokoll <\/a>der letzten Sitzung finden Sie <a rel=\"noreferrer noopener\" aria-label=\"hier (\u00f6ffnet in neuem Tab)\" href=\"http:\/\/www.zukunft-lankwitz.de\/wp-content\/uploads\/2019\/01\/einlundprot0119.pdf\" target=\"_blank\">hier<\/a>.<br \/><br \/><br \/><br \/><br \/><br \/><\/p>\n\n\n\n<div class=\"wp-block-image\"><figure class=\"alignright is-resized\"><img loading=\"lazy\" decoding=\"async\" src=\"https:\/\/www.zukunft-lankwitz.de\/wp-content\/uploads\/2019\/01\/kalender-713x1024.jpg\" alt=\"\" class=\"wp-image-907\" width=\"310\" height=\"444\" srcset=\"https:\/\/www.zukunft-lankwitz.de\/wp-content\/uploads\/2019\/01\/kalender-713x1024.jpg 713w, https:\/\/www.zukunft-lankwitz.de\/wp-content\/uploads\/2019\/01\/kalender-209x300.jpg 209w, https:\/\/www.zukunft-lankwitz.de\/wp-content\/uploads\/2019\/01\/kalender-768x1103.jpg 768w, https:\/\/www.zukunft-lankwitz.de\/wp-content\/uploads\/2019\/01\/kalender-624x896.jpg 624w, https:\/\/www.zukunft-lankwitz.de\/wp-content\/uploads\/2019\/01\/kalender.jpg 1244w\" sizes=\"auto, (max-width: 310px) 100vw, 310px\" \/><\/figure><\/div>\n\n\n\n<p><br \/><br \/>Es gibt aber in diesem Jahr noch was neues! Wir haben einen <a rel=\"noreferrer noopener\" aria-label=\"Kalender (\u00f6ffnet in neuem Tab)\" href=\"https:\/\/calendar.google.com\/calendar\/embed?src=zukunft.lankwitz%40gmail.com&amp;ctz=Europe%2FBerlin\" target=\"_blank\">Kalender<\/a> eingerichtet wo wir die Termine des Runden Tisch Lankwitz-S\u00fcdende, und seinen Akteuren eintragen. Dieser <a rel=\"noreferrer noopener\" aria-label=\"Kalender (\u00f6ffnet in neuem Tab)\" href=\"https:\/\/calendar.google.com\/calendar\/embed?src=zukunft.lankwitz%40gmail.com&amp;ctz=Europe%2FBerlin\" target=\"_blank\">Kalender<\/a> ist \u00f6ffentlich und sie haben die M\u00f6glichkeit ihn anzuschauen oder in ihren Google-Kalender zu integrieren (was ein Google-Konto erfordert).<\/p>\n\n\n\n<p> <\/p>\n<div style=\"padding-bottom:10px; padding-top:5px;\" class=\"hupso-share-buttons\"><!-- Hupso Share Buttons - https:\/\/www.hupso.com\/share\/ --><a class=\"hupso_toolbar\" href=\"https:\/\/www.hupso.com\/share\/\"><img decoding=\"async\" src=\"https:\/\/static.hupso.com\/share\/buttons\/lang\/de\/share-medium.png\" style=\"border:0px; padding-top: 5px; float:left;\" alt=\"Share Button\"\/><\/a><script type=\"text\/javascript\">var hupso_services_t=new Array(\"Twitter\",\"Facebook\",\"Google Plus\");var hupso_background_t=\"#EAF4FF\";var hupso_border_t=\"#66CCFF\";var hupso_toolbar_size_t=\"medium\";var hupso_image_folder_url = \"\";var hupso_url_t=\"\";var hupso_title_t=\"Einladung%20Runder%20Tisch%20Lankwitz-S%C3%BCdende\";<\/script><script type=\"text\/javascript\" src=\"https:\/\/static.hupso.com\/share\/js\/share_toolbar.js\"><\/script><!-- Hupso Share Buttons --><\/div>","protected":false},"excerpt":{"rendered":"<p>Der erste Runde Tisch 2019 steht vor der T\u00fcr. Themen werden unter anderem sein: Themensammlung f\u00fcr 2019 Ideen f\u00fcr das Kiez-Fest und den Marktplatz der Ideen 2019 Bericht vom Pr\u00e4ventionsbeirat Steglitz-Zehlendorf Die Einladung, sowie das Protokoll der letzten Sitzung finden Sie hier. Es gibt aber in diesem Jahr noch was neues! Wir haben einen Kalender [&hellip;]<\/p>\n<div style=\"padding-bottom:10px; padding-top:5px;\" class=\"hupso-share-buttons\"><!-- Hupso Share Buttons - https:\/\/www.hupso.com\/share\/ --><a class=\"hupso_toolbar\" href=\"https:\/\/www.hupso.com\/share\/\"><img src=\"https:\/\/static.hupso.com\/share\/buttons\/lang\/de\/share-medium.png\" style=\"border:0px; padding-top: 5px; float:left;\" alt=\"Share Button\"\/><\/a><script type=\"text\/javascript\">var hupso_services_t=new Array(\"Twitter\",\"Facebook\",\"Google Plus\");var hupso_background_t=\"#EAF4FF\";var hupso_border_t=\"#66CCFF\";var hupso_toolbar_size_t=\"medium\";var hupso_image_folder_url = \"\";var hupso_url_t=\"\";var hupso_title_t=\"Einladung%20Runder%20Tisch%20Lankwitz-S%C3%BCdende\";<\/script><script type=\"text\/javascript\" src=\"https:\/\/static.hupso.com\/share\/js\/share_toolbar.js\"><\/script><!-- Hupso Share Buttons --><\/div>","protected":false},"author":2,"featured_media":0,"comment_status":"open","ping_status":"open","sticky":false,"template":"","format":"standard","meta":{"footnotes":""},"categories":[1,2,3],"tags":[49,216,25],"class_list":["post-898","post","type-post","status-publish","format-standard","hentry","category-allgemein","category-lankwitz","category-runder-tisch","tag-einladung","tag-kalender","tag-runder-tisch-lankwitz-suedende"],"_links":{"self":[{"href":"https:\/\/www.zukunft-lankwitz.de\/index.php?rest_route=\/wp\/v2\/posts\/898","targetHints":{"allow":["GET"]}}],"collection":[{"href":"https:\/\/www.zukunft-lankwitz.de\/index.php?rest_route=\/wp\/v2\/posts"}],"about":[{"href":"https:\/\/www.zukunft-lankwitz.de\/index.php?rest_route=\/wp\/v2\/types\/post"}],"author":[{"embeddable":true,"href":"https:\/\/www.zukunft-lankwitz.de\/index.php?rest_route=\/wp\/v2\/users\/2"}],"replies":[{"embeddable":true,"href":"https:\/\/www.zukunft-lankwitz.de\/index.php?rest_route=%2Fwp%2Fv2%2Fcomments&post=898"}],"version-history":[{"count":2,"href":"https:\/\/www.zukunft-lankwitz.de\/index.php?rest_route=\/wp\/v2\/posts\/898\/revisions"}],"predecessor-version":[{"id":909,"href":"https:\/\/www.zukunft-lankwitz.de\/index.php?rest_route=\/wp\/v2\/posts\/898\/revisions\/909"}],"wp:attachment":[{"href":"https:\/\/www.zukunft-lankwitz.de\/index.php?rest_route=%2Fwp%2Fv2%2Fmedia&parent=898"}],"wp:term":[{"taxonomy":"category","embeddable":true,"href":"https:\/\/www.zukunft-lankwitz.de\/index.php?rest_route=%2Fwp%2Fv2%2Fcategories&post=898"},{"taxonomy":"post_tag","embeddable":true,"href":"https:\/\/www.zukunft-lankwitz.de\/index.php?rest_route=%2Fwp%2Fv2%2Ftags&post=898"}],"curies":[{"name":"wp","href":"https:\/\/api.w.org\/{rel}","templated":true}]}}