{"id":911,"date":"2019-01-28T12:00:00","date_gmt":"2019-01-28T11:00:00","guid":{"rendered":"http:\/\/www.zukunft-lankwitz.de\/?p=911"},"modified":"2019-01-20T16:14:15","modified_gmt":"2019-01-20T15:14:15","slug":"mobilitaetsgesetz","status":"publish","type":"post","link":"https:\/\/www.zukunft-lankwitz.de\/?p=911","title":{"rendered":"Mobilit\u00e4tsgesetz"},"content":{"rendered":"\n<div class=\"wp-block-image\"><figure class=\"alignleft is-resized\"><img loading=\"lazy\" decoding=\"async\" src=\"https:\/\/www.zukunft-lankwitz.de\/wp-content\/uploads\/2019\/01\/mobgesetz.jpg\" alt=\"\" class=\"wp-image-912\" width=\"246\" height=\"323\" srcset=\"https:\/\/www.zukunft-lankwitz.de\/wp-content\/uploads\/2019\/01\/mobgesetz.jpg 454w, https:\/\/www.zukunft-lankwitz.de\/wp-content\/uploads\/2019\/01\/mobgesetz-229x300.jpg 229w\" sizes=\"auto, (max-width: 246px) 100vw, 246px\" \/><figcaption><a rel=\"noreferrer noopener\" aria-label=\"Brosch\u00fcre zum Download (\u00f6ffnet in neuem Tab)\" href=\"https:\/\/www.berlin.de\/senuvk\/verkehr\/mobilitaetsgesetz\/download\/mobilitaetsgesetz_broschuere.pdf\" target=\"_blank\">Brosch\u00fcre zum Download\u00a0<\/a><br \/>Auf der Seite der Senatsverwaltung<\/figcaption><\/figure><\/div>\n\n\n\n<p><br \/><\/p>\n\n\n\n<p><strong>Berlin soll mobiler, sicherer und klimafreundlicher werden. In einer wachsenden Millionenstadt wie Berlin gelingt das nur, wenn alle Verkehrsmittel \u2013 also Bus, Bahn, Fahrrad, Auto, Fu\u00dfverkehr \u2013 mit ihren St\u00e4rken ber\u00fccksichtigt werden. Dem Umweltverbund von Fu\u00df- und Radverkehr sowie\u00a0\u00d6PNV\u00a0kommt dabei eine besondere Rolle zu, weil er sehr effizient bei den ben\u00f6tigten Fl\u00e4chen ist. Daf\u00fcr schafft das Mobilit\u00e4tsgesetz eine Grundlage, die alle Interessen in den Blick nimmt. Dies ist einmalig in Deutschland.<\/strong><\/p>\n\n\n\n<p>Die urbane Mobilit\u00e4t der Zukunft ist eine vernetzte Mobilit\u00e4t. Im Mittelpunkt steht das Ziel, dass alle Menschen in Berlin auf m\u00f6glichst umwelt- und stadtvertr\u00e4gliche Art und Weise bequem, sicher und zuverl\u00e4ssig an ihr Ziel kommen \u2013 und dies unabh\u00e4ngig von der Verf\u00fcgbarkeit eines eigenen Verkehrsmittels oder k\u00f6rperlichen Einschr\u00e4nkungen. Mit dem Mobilit\u00e4tsgesetz soll die Leistungsf\u00e4higkeit des Verkehrssystems in seiner Gesamtheit verbessert werden. Es bekr\u00e4ftigt zudem das Ziel des Senats, sp\u00e4testens im Jahr 2050 den motorisierten Verkehr in Berlin klimaneutral zu gestalten. Und die Zahl der schwerverletzten und get\u00f6teten Unfallopfer soll langfristig auf ein Minimum reduziert werden (Vision Zero). Zwei der wichtigsten Ma\u00dfnahmen hierf\u00fcr sind die Umgestaltung gef\u00e4hrlicher Knotenpunkte und die sichere Gestaltung von Radverkehrsanlagen an Hauptverkehrsstra\u00dfen.<\/p>\n\n\n\n<p><\/p>\n\n\n\n<h3 class=\"wp-block-heading\">Die Bausteine des Berliner Mobilit\u00e4tsgesetzes<\/h3>\n\n\n\n<p>Das Mobilit\u00e4tsgesetz besteht aus mehreren Bausteinen und betrachtet dabei alle Verkehrsmittel. Die einzelnen Elemente entstehen nach und nach. Sie erm\u00f6glichen in ihrer Gesamtheit eine zukunftsorientierte Mobilit\u00e4t: Die ersten drei Bausteine beschreiben allgemeine, verkehrstr\u00e4ger\u00fcbergreifende Ziele sowie den \u00d6PNV und den Radverkehr.<\/p>\n\n\n\n<p>2018 folgen die Bausteine zu Fu\u00dfverkehr und Intelligenter Mobilit\u00e4t (Carsharing, Digitalisierung und andere Zukunftsthemen). Das Integrierte Wirtschaftsverkehrskonzept wird in das Mobilit\u00e4tsgesetz aufgenommen und eine wichtige Rolle spielen.<\/p>\n\n\n\n<p><\/p>\n\n\n\n<h3 class=\"wp-block-heading\">Die Schritte zum Berliner Mobilit\u00e4tsgesetz<\/h3>\n\n\n\n<p>In einem bundesweit einmaligen Verfahren wurde im Fr\u00fchjahr 2017 die Grundlage f\u00fcr das Mobilit\u00e4tsgesetz geschaffen: Den allgemeinen Teil des Mobilit\u00e4tsgesetzes hat der neu geschaffene Mobilit\u00e4tsbeirat begleitet, dem Mobilit\u00e4tsverb\u00e4nde, die Bezirke, zust\u00e4ndige Senatsverwaltungen und Vertreter der Fraktionen angeh\u00f6ren. Die Eckpunkte f\u00fcr den Baustein &#8222;Radverkehr&#8220; hat die Senatsverwaltung f\u00fcr Umwelt, Verkehr und Klimaschutz im &#8222;Dialog Radgesetz&#8220; gemeinsam mit der Initiative Volksentscheid Fahrrad, dem\u00a0ADFC, dem BUND, den Koalitionsfraktionen und der Senatskanzlei entwickelt. Auf dieser Basis ist der Referentenentwurf entstanden, der im August 2017 vorgestellt worden ist. Interessenvertretungen haben anschlie\u00dfend in einem Beteiligungsverfahren schriftlich Stellung genommen. Diese Hinweise und konstruktiven Vorschl\u00e4ge wurden gepr\u00fcft und ggf. in den finalen Referentenentwurf \u00fcbernommen.\u00a0 <\/p>\n\n\n\n<p>\n\nQuelle: Senatsverwaltung f\u00fcr Umwelt, Verkehr und Klimaschutz\n\n<\/p>\n<div style=\"padding-bottom:10px; padding-top:5px;\" class=\"hupso-share-buttons\"><!-- Hupso Share Buttons - https:\/\/www.hupso.com\/share\/ --><a class=\"hupso_toolbar\" href=\"https:\/\/www.hupso.com\/share\/\"><img decoding=\"async\" src=\"https:\/\/static.hupso.com\/share\/buttons\/lang\/de\/share-medium.png\" style=\"border:0px; padding-top: 5px; float:left;\" alt=\"Share Button\"\/><\/a><script type=\"text\/javascript\">var hupso_services_t=new Array(\"Twitter\",\"Facebook\",\"Google Plus\");var hupso_background_t=\"#EAF4FF\";var hupso_border_t=\"#66CCFF\";var hupso_toolbar_size_t=\"medium\";var hupso_image_folder_url = \"\";var hupso_url_t=\"\";var hupso_title_t=\"Mobilit%C3%A4tsgesetz\";<\/script><script type=\"text\/javascript\" src=\"https:\/\/static.hupso.com\/share\/js\/share_toolbar.js\"><\/script><!-- Hupso Share Buttons --><\/div>","protected":false},"excerpt":{"rendered":"<p>Berlin soll mobiler, sicherer und klimafreundlicher werden. In einer wachsenden Millionenstadt wie Berlin gelingt das nur, wenn alle Verkehrsmittel \u2013 also Bus, Bahn, Fahrrad, Auto, Fu\u00dfverkehr \u2013 mit ihren St\u00e4rken ber\u00fccksichtigt werden. Dem Umweltverbund von Fu\u00df- und Radverkehr sowie\u00a0\u00d6PNV\u00a0kommt dabei eine besondere Rolle zu, weil er sehr effizient bei den ben\u00f6tigten Fl\u00e4chen ist. Daf\u00fcr schafft [&hellip;]<\/p>\n<div style=\"padding-bottom:10px; padding-top:5px;\" class=\"hupso-share-buttons\"><!-- Hupso Share Buttons - https:\/\/www.hupso.com\/share\/ --><a class=\"hupso_toolbar\" href=\"https:\/\/www.hupso.com\/share\/\"><img src=\"https:\/\/static.hupso.com\/share\/buttons\/lang\/de\/share-medium.png\" style=\"border:0px; padding-top: 5px; float:left;\" alt=\"Share Button\"\/><\/a><script type=\"text\/javascript\">var hupso_services_t=new Array(\"Twitter\",\"Facebook\",\"Google Plus\");var hupso_background_t=\"#EAF4FF\";var hupso_border_t=\"#66CCFF\";var hupso_toolbar_size_t=\"medium\";var hupso_image_folder_url = \"\";var hupso_url_t=\"\";var hupso_title_t=\"Mobilit%C3%A4tsgesetz\";<\/script><script type=\"text\/javascript\" src=\"https:\/\/static.hupso.com\/share\/js\/share_toolbar.js\"><\/script><!-- Hupso Share Buttons --><\/div>","protected":false},"author":2,"featured_media":0,"comment_status":"open","ping_status":"open","sticky":false,"template":"","format":"standard","meta":{"footnotes":""},"categories":[64],"tags":[217],"class_list":["post-911","post","type-post","status-publish","format-standard","hentry","category-strassen-und-verkehr","tag-mobilitaetsgesetz"],"_links":{"self":[{"href":"https:\/\/www.zukunft-lankwitz.de\/index.php?rest_route=\/wp\/v2\/posts\/911","targetHints":{"allow":["GET"]}}],"collection":[{"href":"https:\/\/www.zukunft-lankwitz.de\/index.php?rest_route=\/wp\/v2\/posts"}],"about":[{"href":"https:\/\/www.zukunft-lankwitz.de\/index.php?rest_route=\/wp\/v2\/types\/post"}],"author":[{"embeddable":true,"href":"https:\/\/www.zukunft-lankwitz.de\/index.php?rest_route=\/wp\/v2\/users\/2"}],"replies":[{"embeddable":true,"href":"https:\/\/www.zukunft-lankwitz.de\/index.php?rest_route=%2Fwp%2Fv2%2Fcomments&post=911"}],"version-history":[{"count":1,"href":"https:\/\/www.zukunft-lankwitz.de\/index.php?rest_route=\/wp\/v2\/posts\/911\/revisions"}],"predecessor-version":[{"id":913,"href":"https:\/\/www.zukunft-lankwitz.de\/index.php?rest_route=\/wp\/v2\/posts\/911\/revisions\/913"}],"wp:attachment":[{"href":"https:\/\/www.zukunft-lankwitz.de\/index.php?rest_route=%2Fwp%2Fv2%2Fmedia&parent=911"}],"wp:term":[{"taxonomy":"category","embeddable":true,"href":"https:\/\/www.zukunft-lankwitz.de\/index.php?rest_route=%2Fwp%2Fv2%2Fcategories&post=911"},{"taxonomy":"post_tag","embeddable":true,"href":"https:\/\/www.zukunft-lankwitz.de\/index.php?rest_route=%2Fwp%2Fv2%2Ftags&post=911"}],"curies":[{"name":"wp","href":"https:\/\/api.w.org\/{rel}","templated":true}]}}