{"id":915,"date":"2019-02-04T12:00:37","date_gmt":"2019-02-04T11:00:37","guid":{"rendered":"http:\/\/www.zukunft-lankwitz.de\/?p=915"},"modified":"2019-01-27T12:52:08","modified_gmt":"2019-01-27T11:52:08","slug":"buerger-anliegen-fuer-das-seniorenforum","status":"publish","type":"post","link":"https:\/\/www.zukunft-lankwitz.de\/?p=915","title":{"rendered":"B\u00fcrger-Anliegen f\u00fcr das Seniorenforum"},"content":{"rendered":"\n<p><\/p>\n\n\n\n<p>Am\nDienstag, den 11. Juni 2019, von 15 bis 17 Uhr wird im B\u00fcrgersaal des Rathauses\nZehlendorf die Seniorenvertretung Steglitz-Zehlendorf [SV] das Seniorenforum 2019\nunter dem Motto <strong>\u201eZuhause Wohnen:\nversorgt, sicher und mobil\u201c<\/strong> veranstalten. <br \/>\nBitte blockieren Sie diesen Termin, damit Sie daran teilnehmen werden.<\/p>\n\n\n\n<p>Sie,\ndas sind alle Menschen \u00fcber 60 Jahre und ihren Angeh\u00f6rigen im Bezirk, sind\naufgerufen, der SV ihre seniorenrelevanten Probleme zu benennen. Diese k\u00f6nnen\nauch \u00fcber das weit gefasste Thema des Forums hinausgehen.<\/p>\n\n\n\n<p>Einige\nDenksplitter [ \/ ] f\u00fcr Ihre an die SV zu meldenden N\u00f6te und Beschwerden. Bitte\ndiese Anliegen stets mit genauer Ortsangabe und, wenn m\u00f6glich und n\u00f6tig, mit\nFoto:<\/p>\n\n\n\n<p>[Fehlende\nB\u00e4nke auf Ihren Wegen \/ Fehlende \u00dcberdachungen an den Bushaltestellen \/ Marode oder\nunzureichend beleuchtete Gehwege \/ Engp\u00e4sse f\u00fcr Fu\u00dfg\u00e4nger wegen parkender PKWs,\nAufsteller \/ Auf dem B\u00fcrgersteig Restaurant-M\u00f6bel, Fahrradst\u00e4nder und\nUnrat \/ Kantenstein-Absenkungen, \u00dcberg\u00e4nge und Einm\u00fcndungen zugeparkt \/ Akustischen\nMelder an Fu\u00dfg\u00e4ngerampeln au\u00dfer Betrieb \/ An Fu\u00dfg\u00e4ngerampeln: Wartezeiten\nunerkl\u00e4rlich hoch, Ampelzeiten zu kurz, Mittelinseln zu schmal f\u00fcr Rollst\u00fchle, \/\nSpurrillen-Pf\u00fctzen \/ Verkehrsberuhigung in Ihrer Wohnstra\u00dfe \/ 30 km\/h auf\nseniorenfrequentierten Stra\u00dfen sowie vor Freizeitheimen, Krankenh\u00e4usern, \u00c4rzteh\u00e4usern&nbsp; \/ Marode Treppen, fehlende Handl\u00e4ufe und\nAufz\u00fcge in \u00f6ffentlichen Einrichtungen sowie beim \u00d6PNV \/ Senioren-Monatskarten\nf\u00fcr alle Tarifgebiete (A, AB, BC. AB, ABC) \/ R\u00fcckfahrt mit\ndemselben Einzelfahrschein innerhalb von 2 Stunden \/ Fehlende Video\u00fcberwachung\n\/ B\u00f6llerverbot \/ Schlecht beleuchtete Gehwege \/ Keine Polizisten zu Fu\u00df \/ Kiezversorgung\nf\u00fcr Daseinssorge sowie Einzelhandel, Geldinstitut (Wertsachen-Schlie\u00dff\u00e4cher!),\nPost und Arzt.]<\/p>\n\n\n\n<p>F\u00fcr\ndas Forum sammelt die Seniorenvertretung Steglitz-Zehlendorf [SV] Ihre B\u00fcrger-Anliegen\nund \u00fcberarbeitet diese zu Fragen und Antr\u00e4gen an das Bezirksamt. Der <strong>20. April ist Redaktionsschluss <\/strong>f\u00fcr\nIhre eingereichten Fragen, W\u00fcnsche, Antr\u00e4ge und Beschwerden an das Bezirksamt.\nIm <strong>Forum am 11. Juni <\/strong>werden dann diese\nB\u00fcrger-Anliegen vom zust\u00e4ndigen Amt beantwortet.&nbsp; <\/p>\n\n\n\n<p>Selbstverst\u00e4ndlich\nwerden all Ihre Anliegen beim Eingang von der Seniorenvertretung gepr\u00fcft, ob Ihr\nProblem nicht unverz\u00fcglich gel\u00f6st werden muss und kann. <\/p>\n\n\n\n<p>Die Seniorenvertretung freut sich \u00fcber Ihre Meldungen. <\/p>\n\n\n\n<p><strong>Kontakt:<br \/>Seniorenvertretung Steglitz-Zehlendorf<\/strong><br \/>www.steglitz-zehlendorf\/seniorenvertretung<br \/>B\u00fcro im Ordnungsamt, Unter den Eichen 1, 12203 Berlin<br \/>Tel.: 030 90299 3040 mit AB, seniorenvertretung(at)ba-sz.berlin.de (bitte das (at) durch das @-Zeichen ersetzen)<br \/>Kontakt: Elmar Krause, Bismarckstr. 66B, 14109 Berlin<br \/>Handy: 0170 588 1018 mit AB, elmarw.krause(at)alumni.hu-berlin.de  <br \/>(bitte das (at) durch das @-Zeichen ersetzen) <\/p>\n<div style=\"padding-bottom:10px; padding-top:5px;\" class=\"hupso-share-buttons\"><!-- Hupso Share Buttons - https:\/\/www.hupso.com\/share\/ --><a class=\"hupso_toolbar\" href=\"https:\/\/www.hupso.com\/share\/\"><img decoding=\"async\" src=\"https:\/\/static.hupso.com\/share\/buttons\/lang\/de\/share-medium.png\" style=\"border:0px; padding-top: 5px; float:left;\" alt=\"Share Button\"\/><\/a><script type=\"text\/javascript\">var hupso_services_t=new Array(\"Twitter\",\"Facebook\",\"Google Plus\");var hupso_background_t=\"#EAF4FF\";var hupso_border_t=\"#66CCFF\";var hupso_toolbar_size_t=\"medium\";var hupso_image_folder_url = \"\";var hupso_url_t=\"\";var hupso_title_t=\"B%C3%BCrger-Anliegen%20f%C3%BCr%20das%20Seniorenforum\";<\/script><script type=\"text\/javascript\" src=\"https:\/\/static.hupso.com\/share\/js\/share_toolbar.js\"><\/script><!-- Hupso Share Buttons --><\/div>","protected":false},"excerpt":{"rendered":"<p>Am Dienstag, den 11. Juni 2019, von 15 bis 17 Uhr wird im B\u00fcrgersaal des Rathauses Zehlendorf die Seniorenvertretung Steglitz-Zehlendorf [SV] das Seniorenforum 2019 unter dem Motto \u201eZuhause Wohnen: versorgt, sicher und mobil\u201c veranstalten. Bitte blockieren Sie diesen Termin, damit Sie daran teilnehmen werden. Sie, das sind alle Menschen \u00fcber 60 Jahre und ihren Angeh\u00f6rigen [&hellip;]<\/p>\n<div style=\"padding-bottom:10px; padding-top:5px;\" class=\"hupso-share-buttons\"><!-- Hupso Share Buttons - https:\/\/www.hupso.com\/share\/ --><a class=\"hupso_toolbar\" href=\"https:\/\/www.hupso.com\/share\/\"><img src=\"https:\/\/static.hupso.com\/share\/buttons\/lang\/de\/share-medium.png\" style=\"border:0px; padding-top: 5px; float:left;\" alt=\"Share Button\"\/><\/a><script type=\"text\/javascript\">var hupso_services_t=new Array(\"Twitter\",\"Facebook\",\"Google Plus\");var hupso_background_t=\"#EAF4FF\";var hupso_border_t=\"#66CCFF\";var hupso_toolbar_size_t=\"medium\";var hupso_image_folder_url = \"\";var hupso_url_t=\"\";var hupso_title_t=\"B%C3%BCrger-Anliegen%20f%C3%BCr%20das%20Seniorenforum\";<\/script><script type=\"text\/javascript\" src=\"https:\/\/static.hupso.com\/share\/js\/share_toolbar.js\"><\/script><!-- Hupso Share Buttons --><\/div>","protected":false},"author":2,"featured_media":0,"comment_status":"open","ping_status":"open","sticky":false,"template":"","format":"standard","meta":{"footnotes":""},"categories":[185,52,4],"tags":[220,186,188,187,76,218],"class_list":["post-915","post","type-post","status-publish","format-standard","hentry","category-senioren","category-veranstaltungen","category-wohnen","tag-mobil","tag-senioren","tag-seniorenforum","tag-seniorenvertretung","tag-sicherheit","tag-wohnen"],"_links":{"self":[{"href":"https:\/\/www.zukunft-lankwitz.de\/index.php?rest_route=\/wp\/v2\/posts\/915","targetHints":{"allow":["GET"]}}],"collection":[{"href":"https:\/\/www.zukunft-lankwitz.de\/index.php?rest_route=\/wp\/v2\/posts"}],"about":[{"href":"https:\/\/www.zukunft-lankwitz.de\/index.php?rest_route=\/wp\/v2\/types\/post"}],"author":[{"embeddable":true,"href":"https:\/\/www.zukunft-lankwitz.de\/index.php?rest_route=\/wp\/v2\/users\/2"}],"replies":[{"embeddable":true,"href":"https:\/\/www.zukunft-lankwitz.de\/index.php?rest_route=%2Fwp%2Fv2%2Fcomments&post=915"}],"version-history":[{"count":1,"href":"https:\/\/www.zukunft-lankwitz.de\/index.php?rest_route=\/wp\/v2\/posts\/915\/revisions"}],"predecessor-version":[{"id":916,"href":"https:\/\/www.zukunft-lankwitz.de\/index.php?rest_route=\/wp\/v2\/posts\/915\/revisions\/916"}],"wp:attachment":[{"href":"https:\/\/www.zukunft-lankwitz.de\/index.php?rest_route=%2Fwp%2Fv2%2Fmedia&parent=915"}],"wp:term":[{"taxonomy":"category","embeddable":true,"href":"https:\/\/www.zukunft-lankwitz.de\/index.php?rest_route=%2Fwp%2Fv2%2Fcategories&post=915"},{"taxonomy":"post_tag","embeddable":true,"href":"https:\/\/www.zukunft-lankwitz.de\/index.php?rest_route=%2Fwp%2Fv2%2Ftags&post=915"}],"curies":[{"name":"wp","href":"https:\/\/api.w.org\/{rel}","templated":true}]}}