{"id":917,"date":"2019-02-01T06:02:43","date_gmt":"2019-02-01T05:02:43","guid":{"rendered":"http:\/\/www.zukunft-lankwitz.de\/?p=917"},"modified":"2022-01-08T01:58:52","modified_gmt":"2022-01-08T00:58:52","slug":"bericht-vom-runden-tisch-lankwitz-suedende-januar-2019","status":"publish","type":"post","link":"https:\/\/www.zukunft-lankwitz.de\/?p=917","title":{"rendered":"Bericht vom Runden Tisch Lankwitz-S\u00fcdende Januar 2019"},"content":{"rendered":"\r\n<div class=\"wp-block-image\">\r\n<figure class=\"alignright is-resized\"><img loading=\"lazy\" decoding=\"async\" class=\"wp-image-918\" src=\"https:\/\/www.zukunft-lankwitz.de\/wp-content\/uploads\/2019\/01\/to0119-744x1024.jpg\" alt=\"\" width=\"296\" height=\"407\" srcset=\"https:\/\/www.zukunft-lankwitz.de\/wp-content\/uploads\/2019\/01\/to0119-744x1024.jpg 744w, https:\/\/www.zukunft-lankwitz.de\/wp-content\/uploads\/2019\/01\/to0119-218x300.jpg 218w, https:\/\/www.zukunft-lankwitz.de\/wp-content\/uploads\/2019\/01\/to0119-768x1057.jpg 768w, https:\/\/www.zukunft-lankwitz.de\/wp-content\/uploads\/2019\/01\/to0119-624x859.jpg 624w, https:\/\/www.zukunft-lankwitz.de\/wp-content\/uploads\/2019\/01\/to0119.jpg 800w\" sizes=\"auto, (max-width: 296px) 100vw, 296px\" \/><\/figure>\r\n<\/div>\r\n\r\n\r\n\r\n<p>Der Runde Tisch war sehr gut besucht mit einer bunten Mischung aus den verschiedenen Bereichen aus dem Kiez. Die Tagesordnung war sehr &#8222;sportlich&#8220;, aber schaffbar. Themen waren unter anderem Themen f\u00fcr 2019. Es wurde kurz und knapp in einem Brainstorming Themen f\u00fcr das Jahr 2019 gesammelt. Die Themen werden aus den Bereichen Verkehr, \u00d6ffentlicher Nahverkehr und Senioren. Es gibt die eine Veranstaltungsreihe geben zum Thema Cyber-Kriminalit\u00e4t in Zusammenarbeit mit der Polizei Berlin. Die Idee dahinter ist eine Veranstaltung f\u00fcr Senioren, Kinder und Jugendliche und f\u00fcr Erwachsene zu machen, um f\u00fcr das Thema zu sensibilisieren und sch\u00fctzen.<\/p>\r\n\r\n\r\n\r\n<p>&nbsp;<\/p>\r\n\r\n\r\n\r\n<div class=\"wp-block-image\">\r\n<figure class=\"alignleft is-resized\"><img loading=\"lazy\" decoding=\"async\" class=\"wp-image-920\" src=\"https:\/\/www.zukunft-lankwitz.de\/wp-content\/uploads\/2019\/01\/themen19-1-763x1024.jpg\" alt=\"\" width=\"281\" height=\"376\" srcset=\"https:\/\/www.zukunft-lankwitz.de\/wp-content\/uploads\/2019\/01\/themen19-1-763x1024.jpg 763w, https:\/\/www.zukunft-lankwitz.de\/wp-content\/uploads\/2019\/01\/themen19-1-224x300.jpg 224w, https:\/\/www.zukunft-lankwitz.de\/wp-content\/uploads\/2019\/01\/themen19-1-768x1030.jpg 768w, https:\/\/www.zukunft-lankwitz.de\/wp-content\/uploads\/2019\/01\/themen19-1-624x837.jpg 624w, https:\/\/www.zukunft-lankwitz.de\/wp-content\/uploads\/2019\/01\/themen19-1.jpg 800w\" sizes=\"auto, (max-width: 281px) 100vw, 281px\" \/><\/figure>\r\n<\/div>\r\n\r\n\r\n\r\n<p>Im n\u00e4chsten Schritt wurde das Kiez-Fest und er Marktplatz der Ideen vor\u00fcberlegt. Das Thema wird im Februar noch einmal vertieft und weiter nachgedacht welche Themen und G\u00e4ste f\u00fcr den Marktplatz der Ideen spannend sein k\u00f6nnten.<\/p>\r\n\r\n\r\n\r\n<p>Als Abschluss war auf der Tagesordnung der Pr\u00e4ventionbeirat und die Runden Tische. Es wurde der Zusammenhang und auch die damit verbundenen M\u00f6glichkeiten er\u00f6rtert. Wir werden das hier in einen der n\u00e4chsten Artikel auch gerne mal erl\u00e4utern, von daher machen wir es nun nur ganz kurz.<\/p>\r\n\r\n\r\n\r\n<p>Das Ergebnisprotokoll des Runden TIsches vom Januar 2019 finden Sie <a href=\"http:\/\/www.zukunft-lankwitz.de\/wp-content\/uploads\/2019\/02\/prot300119.pdf\" target=\"_blank\" rel=\"noreferrer noopener\" aria-label=\"hier (\u00f6ffnet in neuem Tab)\">hier<\/a>.<\/p>\r\n\r\n\r\n\r\n<p>Es gibt einiges neues beim Runden Tisch Lankwitz-S\u00fcdende in der Grundstruktur. Wir haben eine Google-Group eingerichtet. Das ist eine Mailingliste wo Emails in Zukunft ausschlie\u00dflich Informationen, Einladungen und Protokolle dr\u00fcber verschickt werden. Diese Liste ist nicht \u00f6ffentlich, auch nicht f\u00fcr die jenigen die da mit drin sind in dem Verteiler und auch nur durch die Administratorinnen k\u00f6nnen Emails versendet werden. Das macht die Arbeit ein wenig leichter. Wenn Sie in die Mailingliste aufgenommen werden m\u00f6chten dann schreiben Sie sie uns bitte \u00fcber das <a href=\"https:\/\/www.zukunft-lankwitz.de\/?page_id=265\" target=\"_blank\" rel=\"noreferrer noopener\" aria-label=\" (\u00f6ffnet in neuem Tab)\">Kontaktformular<\/a>.<\/p>\r\n\r\n\r\n\r\n<div class=\"wp-block-image\">\r\n<figure class=\"alignright is-resized\"><img loading=\"lazy\" decoding=\"async\" class=\"wp-image-908\" src=\"http:\/\/www.zukunft-lankwitz.de\/wp-content\/uploads\/2019\/01\/kalender-1-713x1024.jpg\" alt=\"\" width=\"255\" height=\"367\" srcset=\"https:\/\/www.zukunft-lankwitz.de\/wp-content\/uploads\/2019\/01\/kalender-1-713x1024.jpg 713w, https:\/\/www.zukunft-lankwitz.de\/wp-content\/uploads\/2019\/01\/kalender-1-209x300.jpg 209w, https:\/\/www.zukunft-lankwitz.de\/wp-content\/uploads\/2019\/01\/kalender-1-768x1103.jpg 768w, https:\/\/www.zukunft-lankwitz.de\/wp-content\/uploads\/2019\/01\/kalender-1-624x896.jpg 624w, https:\/\/www.zukunft-lankwitz.de\/wp-content\/uploads\/2019\/01\/kalender-1.jpg 1244w\" sizes=\"auto, (max-width: 255px) 100vw, 255px\" \/><\/figure>\r\n<\/div>\r\n\r\n\r\n\r\n<p>Damit verbunden gibt es einen Veranstaltungskalender den wir schon in anderen Beitr\u00e4gen erw\u00e4hnt haben wo die Termine des Runden Tisches und seiner Akteure drin dokumentiert werden. Den Kalender finden Sie unter folgender Adresse:<\/p>\r\n\r\n\r\n\r\n<p><a href=\"https:\/\/calendar.google.com\/calendar\/embed?src=zukunft.lankwitz%40gmail.com&amp;ctz=Europe%2FBerlin\">https:\/\/calendar.google.com\/calendar\/embed?src=zukunft.lankwitz%40gmail.com&amp;ctz=Europe%2FBerlin<\/a><\/p>\r\n\r\n\r\n\r\n<p>&nbsp;<\/p>\r\n<div style=\"padding-bottom:10px; padding-top:5px;\" class=\"hupso-share-buttons\"><!-- Hupso Share Buttons - https:\/\/www.hupso.com\/share\/ --><a class=\"hupso_toolbar\" href=\"https:\/\/www.hupso.com\/share\/\"><img decoding=\"async\" src=\"https:\/\/static.hupso.com\/share\/buttons\/lang\/de\/share-medium.png\" style=\"border:0px; padding-top: 5px; float:left;\" alt=\"Share Button\"\/><\/a><script type=\"text\/javascript\">var hupso_services_t=new Array(\"Twitter\",\"Facebook\",\"Google Plus\");var hupso_background_t=\"#EAF4FF\";var hupso_border_t=\"#66CCFF\";var hupso_toolbar_size_t=\"medium\";var hupso_image_folder_url = \"\";var hupso_url_t=\"\";var hupso_title_t=\"Bericht%20vom%20Runden%20Tisch%20Lankwitz-S%C3%BCdende%20Januar%202019\";<\/script><script type=\"text\/javascript\" src=\"https:\/\/static.hupso.com\/share\/js\/share_toolbar.js\"><\/script><!-- Hupso Share Buttons --><\/div>","protected":false},"excerpt":{"rendered":"<p>Der Runde Tisch war sehr gut besucht mit einer bunten Mischung aus den verschiedenen Bereichen aus dem Kiez. Die Tagesordnung war sehr &#8222;sportlich&#8220;, aber schaffbar. Themen waren unter anderem Themen f\u00fcr 2019. Es wurde kurz und knapp in einem Brainstorming Themen f\u00fcr das Jahr 2019 gesammelt. Die Themen werden aus den Bereichen Verkehr, \u00d6ffentlicher Nahverkehr [&hellip;]<\/p>\n<div style=\"padding-bottom:10px; padding-top:5px;\" class=\"hupso-share-buttons\"><!-- Hupso Share Buttons - https:\/\/www.hupso.com\/share\/ --><a class=\"hupso_toolbar\" href=\"https:\/\/www.hupso.com\/share\/\"><img src=\"https:\/\/static.hupso.com\/share\/buttons\/lang\/de\/share-medium.png\" style=\"border:0px; padding-top: 5px; float:left;\" alt=\"Share Button\"\/><\/a><script type=\"text\/javascript\">var hupso_services_t=new Array(\"Twitter\",\"Facebook\",\"Google Plus\");var hupso_background_t=\"#EAF4FF\";var hupso_border_t=\"#66CCFF\";var hupso_toolbar_size_t=\"medium\";var hupso_image_folder_url = \"\";var hupso_url_t=\"\";var hupso_title_t=\"Bericht%20vom%20Runden%20Tisch%20Lankwitz-S%C3%BCdende%20Januar%202019\";<\/script><script type=\"text\/javascript\" src=\"https:\/\/static.hupso.com\/share\/js\/share_toolbar.js\"><\/script><!-- Hupso Share Buttons --><\/div>","protected":false},"author":2,"featured_media":0,"comment_status":"open","ping_status":"open","sticky":false,"template":"","format":"standard","meta":{"footnotes":""},"categories":[1,213,3,64],"tags":[200,8,25,32],"class_list":["post-917","post","type-post","status-publish","format-standard","hentry","category-allgemein","category-kiezfest","category-runder-tisch","category-strassen-und-verkehr","tag-kiez-fest","tag-marktplatz-der-ideen","tag-runder-tisch-lankwitz-suedende","tag-themen"],"_links":{"self":[{"href":"https:\/\/www.zukunft-lankwitz.de\/index.php?rest_route=\/wp\/v2\/posts\/917","targetHints":{"allow":["GET"]}}],"collection":[{"href":"https:\/\/www.zukunft-lankwitz.de\/index.php?rest_route=\/wp\/v2\/posts"}],"about":[{"href":"https:\/\/www.zukunft-lankwitz.de\/index.php?rest_route=\/wp\/v2\/types\/post"}],"author":[{"embeddable":true,"href":"https:\/\/www.zukunft-lankwitz.de\/index.php?rest_route=\/wp\/v2\/users\/2"}],"replies":[{"embeddable":true,"href":"https:\/\/www.zukunft-lankwitz.de\/index.php?rest_route=%2Fwp%2Fv2%2Fcomments&post=917"}],"version-history":[{"count":7,"href":"https:\/\/www.zukunft-lankwitz.de\/index.php?rest_route=\/wp\/v2\/posts\/917\/revisions"}],"predecessor-version":[{"id":3338,"href":"https:\/\/www.zukunft-lankwitz.de\/index.php?rest_route=\/wp\/v2\/posts\/917\/revisions\/3338"}],"wp:attachment":[{"href":"https:\/\/www.zukunft-lankwitz.de\/index.php?rest_route=%2Fwp%2Fv2%2Fmedia&parent=917"}],"wp:term":[{"taxonomy":"category","embeddable":true,"href":"https:\/\/www.zukunft-lankwitz.de\/index.php?rest_route=%2Fwp%2Fv2%2Fcategories&post=917"},{"taxonomy":"post_tag","embeddable":true,"href":"https:\/\/www.zukunft-lankwitz.de\/index.php?rest_route=%2Fwp%2Fv2%2Ftags&post=917"}],"curies":[{"name":"wp","href":"https:\/\/api.w.org\/{rel}","templated":true}]}}