{"id":984,"date":"2019-02-22T09:18:53","date_gmt":"2019-02-22T08:18:53","guid":{"rendered":"http:\/\/www.zukunft-lankwitz.de\/?p=984"},"modified":"2022-01-08T02:06:03","modified_gmt":"2022-01-08T01:06:03","slug":"einladung-zum-runden-tisch-lankwitz-suedende-februar-2019","status":"publish","type":"post","link":"https:\/\/www.zukunft-lankwitz.de\/?p=984","title":{"rendered":"Einladung zum Runden Tisch Lankwitz-S\u00fcdende Februar 2019"},"content":{"rendered":"\r\n<div class=\"wp-block-image\">\r\n<figure class=\"alignright is-resized\"><img loading=\"lazy\" decoding=\"async\" class=\"wp-image-974\" src=\"http:\/\/www.zukunft-lankwitz.de\/wp-content\/uploads\/2019\/02\/mpdcomic8.jpg\" alt=\"\" width=\"222\" height=\"237\" srcset=\"https:\/\/www.zukunft-lankwitz.de\/wp-content\/uploads\/2019\/02\/mpdcomic8.jpg 466w, https:\/\/www.zukunft-lankwitz.de\/wp-content\/uploads\/2019\/02\/mpdcomic8-282x300.jpg 282w\" sizes=\"auto, (max-width: 222px) 100vw, 222px\" \/><\/figure>\r\n<\/div>\r\n\r\n\r\n\r\n<p>Ich freue mich Sie zum n\u00e4chsten Runden Tisch Lankwitz-S\u00fcdende einzuladen. Das Schwerpunktthema wird sein: Vorstellung des Kiez-Atlas f\u00fcr Senioren. Dieses Thema ist beim letzten Runden Tisch Lankwitz-S\u00fcdende durch den Initiator des Projekts eingegeben und dankend angenommen worden. Es geht um eine Idee und unterst\u00fctzung bei der Umsetzung f\u00fcr unseren Kiez. Welche Orte sind interessant f\u00fcr Senioren? Sie sind die Expertinnen und Experten im Kiez. Sie wissen wo Sie was finden? Wo etwas fehlt wie z.B. eine Bank oder eine Toilette? Sie haben Kontakt zu Senioren und kennen die Anliegen? Dies ist ein Thema was nicht nur f\u00fcr Senioren interessant ist, sondern f\u00fcr alle Menschen im Kiez! Kommen Sie vorbei und reden, diskutieren und &#8222;spinnen&#8220; Sie mit. Ihre Ideen sind gefragt!<\/p>\r\n\r\n\r\n\r\n<div class=\"wp-block-image\">\r\n<figure class=\"alignleft is-resized\"><img loading=\"lazy\" decoding=\"async\" class=\"wp-image-987\" src=\"http:\/\/www.zukunft-lankwitz.de\/wp-content\/uploads\/2019\/02\/einl02192.jpg\" alt=\"\" width=\"290\" height=\"354\" srcset=\"https:\/\/www.zukunft-lankwitz.de\/wp-content\/uploads\/2019\/02\/einl02192.jpg 827w, https:\/\/www.zukunft-lankwitz.de\/wp-content\/uploads\/2019\/02\/einl02192-245x300.jpg 245w, https:\/\/www.zukunft-lankwitz.de\/wp-content\/uploads\/2019\/02\/einl02192-768x939.jpg 768w, https:\/\/www.zukunft-lankwitz.de\/wp-content\/uploads\/2019\/02\/einl02192-624x763.jpg 624w\" sizes=\"auto, (max-width: 290px) 100vw, 290px\" \/><\/figure>\r\n<\/div>\r\n\r\n\r\n\r\n<p>Hier nun die offizielle Einladung zum n\u00e4chsten Treffen:<br \/>Datum: 27.02,2019<br \/>Ort: KiJuFam K\u00e4seglocke<br \/>Leonorenstr. 65<br \/>12247 Berlin<br \/>Zeit: 18.30 &#8211; ca. 20.30 Uhr<br \/><br \/><a href=\"http:\/\/www.zukunft-lankwitz.de\/wp-content\/uploads\/2019\/02\/einl0219.pdf\" target=\"_blank\" rel=\"noreferrer noopener\" aria-label=\"Einladung zum Runden Tisch Lankwitz-S\u00fcdende (\u00f6ffnet in neuem Tab)\">Einladung zum Runden Tisch Lankwitz-S\u00fcdende<\/a><br \/><a href=\"http:\/\/www.zukunft-lankwitz.de\/wp-content\/uploads\/2019\/02\/prot300119-1.pdf\" target=\"_blank\" rel=\"noreferrer noopener\" aria-label=\"Protokoll vom Runden Tisch Lankwitz-S\u00fcdende Januar 2019 (\u00f6ffnet in neuem Tab)\">Protokoll vom Runden Tisch Lankwitz-S\u00fcdende Januar 2019<\/a><br \/><br \/>Die Tagesordnung hat wie immer auch den Punkt, aktuelles aus dem Kiez! Dort haben Sie die M\u00f6glichkeit Ihre Themen und Anliegen einzubringen. An dieser Stelle m\u00f6chte ich auch noch mal daraufhinweisen das wir auch hier Ideen und Themen f\u00fcr den Marktplatz der Ideen 2019 sammeln. Wenn Sie eine Idee haben dann schreiben Sie es bitte in die Kommentare des Artikels: <br \/><br \/><a href=\"http:\/\/www.zukunft-lankwitz.de\/?p=937\">Marktplatz der Ideen \u2013 Themen gesucht<\/a><\/p>\r\n\r\n\r\n\r\n<p>Vielen Dank und ich freue mich Sie kennen zulernen oder wiederzusehen.<\/p>\r\n<div style=\"padding-bottom:10px; padding-top:5px;\" class=\"hupso-share-buttons\"><!-- Hupso Share Buttons - https:\/\/www.hupso.com\/share\/ --><a class=\"hupso_toolbar\" href=\"https:\/\/www.hupso.com\/share\/\"><img decoding=\"async\" src=\"https:\/\/static.hupso.com\/share\/buttons\/lang\/de\/share-medium.png\" style=\"border:0px; padding-top: 5px; float:left;\" alt=\"Share Button\"\/><\/a><script type=\"text\/javascript\">var hupso_services_t=new Array(\"Twitter\",\"Facebook\",\"Google Plus\");var hupso_background_t=\"#EAF4FF\";var hupso_border_t=\"#66CCFF\";var hupso_toolbar_size_t=\"medium\";var hupso_image_folder_url = \"\";var hupso_url_t=\"\";var hupso_title_t=\"Einladung%20zum%20Runden%20Tisch%20Lankwitz-S%C3%BCdende%20Februar%202019\";<\/script><script type=\"text\/javascript\" src=\"https:\/\/static.hupso.com\/share\/js\/share_toolbar.js\"><\/script><!-- Hupso Share Buttons --><\/div>","protected":false},"excerpt":{"rendered":"<p>Ich freue mich Sie zum n\u00e4chsten Runden Tisch Lankwitz-S\u00fcdende einzuladen. Das Schwerpunktthema wird sein: Vorstellung des Kiez-Atlas f\u00fcr Senioren. Dieses Thema ist beim letzten Runden Tisch Lankwitz-S\u00fcdende durch den Initiator des Projekts eingegeben und dankend angenommen worden. Es geht um eine Idee und unterst\u00fctzung bei der Umsetzung f\u00fcr unseren Kiez. Welche Orte sind interessant f\u00fcr [&hellip;]<\/p>\n<div style=\"padding-bottom:10px; padding-top:5px;\" class=\"hupso-share-buttons\"><!-- Hupso Share Buttons - https:\/\/www.hupso.com\/share\/ --><a class=\"hupso_toolbar\" href=\"https:\/\/www.hupso.com\/share\/\"><img src=\"https:\/\/static.hupso.com\/share\/buttons\/lang\/de\/share-medium.png\" style=\"border:0px; padding-top: 5px; float:left;\" alt=\"Share Button\"\/><\/a><script type=\"text\/javascript\">var hupso_services_t=new Array(\"Twitter\",\"Facebook\",\"Google Plus\");var hupso_background_t=\"#EAF4FF\";var hupso_border_t=\"#66CCFF\";var hupso_toolbar_size_t=\"medium\";var hupso_image_folder_url = \"\";var hupso_url_t=\"\";var hupso_title_t=\"Einladung%20zum%20Runden%20Tisch%20Lankwitz-S%C3%BCdende%20Februar%202019\";<\/script><script type=\"text\/javascript\" src=\"https:\/\/static.hupso.com\/share\/js\/share_toolbar.js\"><\/script><!-- Hupso Share Buttons --><\/div>","protected":false},"author":2,"featured_media":0,"comment_status":"open","ping_status":"open","sticky":false,"template":"","format":"standard","meta":{"footnotes":""},"categories":[1,117,3,185],"tags":[229,8,25],"class_list":["post-984","post","type-post","status-publish","format-standard","hentry","category-allgemein","category-marktplatz-der-ideen","category-runder-tisch","category-senioren","tag-kiezatlas-fuer-senioren","tag-marktplatz-der-ideen","tag-runder-tisch-lankwitz-suedende"],"_links":{"self":[{"href":"https:\/\/www.zukunft-lankwitz.de\/index.php?rest_route=\/wp\/v2\/posts\/984","targetHints":{"allow":["GET"]}}],"collection":[{"href":"https:\/\/www.zukunft-lankwitz.de\/index.php?rest_route=\/wp\/v2\/posts"}],"about":[{"href":"https:\/\/www.zukunft-lankwitz.de\/index.php?rest_route=\/wp\/v2\/types\/post"}],"author":[{"embeddable":true,"href":"https:\/\/www.zukunft-lankwitz.de\/index.php?rest_route=\/wp\/v2\/users\/2"}],"replies":[{"embeddable":true,"href":"https:\/\/www.zukunft-lankwitz.de\/index.php?rest_route=%2Fwp%2Fv2%2Fcomments&post=984"}],"version-history":[{"count":2,"href":"https:\/\/www.zukunft-lankwitz.de\/index.php?rest_route=\/wp\/v2\/posts\/984\/revisions"}],"predecessor-version":[{"id":3340,"href":"https:\/\/www.zukunft-lankwitz.de\/index.php?rest_route=\/wp\/v2\/posts\/984\/revisions\/3340"}],"wp:attachment":[{"href":"https:\/\/www.zukunft-lankwitz.de\/index.php?rest_route=%2Fwp%2Fv2%2Fmedia&parent=984"}],"wp:term":[{"taxonomy":"category","embeddable":true,"href":"https:\/\/www.zukunft-lankwitz.de\/index.php?rest_route=%2Fwp%2Fv2%2Fcategories&post=984"},{"taxonomy":"post_tag","embeddable":true,"href":"https:\/\/www.zukunft-lankwitz.de\/index.php?rest_route=%2Fwp%2Fv2%2Ftags&post=984"}],"curies":[{"name":"wp","href":"https:\/\/api.w.org\/{rel}","templated":true}]}}